{"id":42296,"date":"2024-06-12T03:46:23","date_gmt":"2024-06-12T08:46:23","guid":{"rendered":"https:\/\/contraluzcucuta.co\/?p=42296"},"modified":"2024-06-12T03:46:23","modified_gmt":"2024-06-12T08:46:23","slug":"guardianes-ambientales-ninos-y-jovenes-cuidan-la-naturaleza","status":"publish","type":"post","link":"https:\/\/contraluzcucuta.co\/?p=42296","title":{"rendered":"GUARDIANES AMBIENTALES. Ni\u00f1os y j\u00f3venes cuidan la naturaleza"},"content":{"rendered":"<p style=\"padding-left: 40px; text-align: right;\"><strong><span style=\"color: #ff9900;\">C\u00daCUTA.- La estrategia Guardianes ambientales, puesta en marcha en instituciones educativas cucute\u00f1as, tiene como finalidad incentivar en ni\u00f1os y j\u00f3venes el cuidado y la preservaci\u00f3n del medio ambiente. Las actividades giran alrededor de la formaci\u00f3n en procesos de reciclaje y la buena disposici\u00f3n de residuos s\u00f3lidos.<\/span><\/strong><\/p>\n<p>La gestora social Yirley Vargas est\u00e1 al frente de la estrategia, con respaldo del Departamento Administrativo de Bienestar Social y la Secretar\u00eda de Educaci\u00f3n. Para incentivar a los ni\u00f1os, los aliados lideran un concurso entre las ocho instituciones educativas que integran el proyecto. Los menores est\u00e1n invitados a ejecutar peque\u00f1as acciones que contribuyan al cuidado y la conservaci\u00f3n de la naturaleza.<\/p>\n<p>A las jornadas se han vinculado el Instituto Municipal de Recreaci\u00f3n y Deporte, la Secretar\u00eda de Cultura y Turismo, la Universidad de Santander, la Polic\u00eda y empresas de servicios p\u00fablicos.<\/p>\n","protected":false},"excerpt":{"rendered":"<p>C\u00daCUTA.- La estrategia Guardianes ambientales, puesta en marcha en instituciones educativas cucute\u00f1as, tiene como finalidad incentivar en ni\u00f1os y j\u00f3venes el cuidado y la preservaci\u00f3n del medio ambiente. Las actividades giran alrededor de la formaci\u00f3n en procesos de reciclaje y la buena disposici\u00f3n de residuos s\u00f3lidos. La gestora social Yirley Vargas est\u00e1 al frente de &hellip;<\/p>\n","protected":false},"author":1,"featured_media":42297,"comment_status":"open","ping_status":"open","sticky":false,"template":"","format":"standard","meta":{"footnotes":""},"categories":[2625,4],"tags":[6398,374,2861,5968],"class_list":["post-42296","post","type-post","status-publish","format-standard","has-post-thumbnail","hentry","category-alcaldia-de-cucuta","category-barra","tag-bienestar-social","tag-gestora-social-del-municipio","tag-secretaria-de-educacion","tag-yirley-vargas"],"_links":{"self":[{"href":"https:\/\/contraluzcucuta.co\/index.php?rest_route=\/wp\/v2\/posts\/42296","targetHints":{"allow":["GET"]}}],"collection":[{"href":"https:\/\/contraluzcucuta.co\/index.php?rest_route=\/wp\/v2\/posts"}],"about":[{"href":"https:\/\/contraluzcucuta.co\/index.php?rest_route=\/wp\/v2\/types\/post"}],"author":[{"embeddable":true,"href":"https:\/\/contraluzcucuta.co\/index.php?rest_route=\/wp\/v2\/users\/1"}],"replies":[{"embeddable":true,"href":"https:\/\/contraluzcucuta.co\/index.php?rest_route=%2Fwp%2Fv2%2Fcomments&post=42296"}],"version-history":[{"count":1,"href":"https:\/\/contraluzcucuta.co\/index.php?rest_route=\/wp\/v2\/posts\/42296\/revisions"}],"predecessor-version":[{"id":42298,"href":"https:\/\/contraluzcucuta.co\/index.php?rest_route=\/wp\/v2\/posts\/42296\/revisions\/42298"}],"wp:featuredmedia":[{"embeddable":true,"href":"https:\/\/contraluzcucuta.co\/index.php?rest_route=\/wp\/v2\/media\/42297"}],"wp:attachment":[{"href":"https:\/\/contraluzcucuta.co\/index.php?rest_route=%2Fwp%2Fv2%2Fmedia&parent=42296"}],"wp:term":[{"taxonomy":"category","embeddable":true,"href":"https:\/\/contraluzcucuta.co\/index.php?rest_route=%2Fwp%2Fv2%2Fcategories&post=42296"},{"taxonomy":"post_tag","embeddable":true,"href":"https:\/\/contraluzcucuta.co\/index.php?rest_route=%2Fwp%2Fv2%2Ftags&post=42296"}],"curies":[{"name":"wp","href":"https:\/\/api.w.org\/{rel}","templated":true}]}}