{"id":42284,"date":"2024-06-08T09:34:00","date_gmt":"2024-06-08T14:34:00","guid":{"rendered":"https:\/\/contraluzcucuta.co\/?p=42284"},"modified":"2024-06-08T09:34:00","modified_gmt":"2024-06-08T14:34:00","slug":"mintransporte-en-cucuta-alcalde-retomara-proyecto-sitp-para-ordenar-la-ciudad","status":"publish","type":"post","link":"https:\/\/contraluzcucuta.co\/?p=42284","title":{"rendered":"MINTRANSPORTE EN C\u00daCUTA. Alcalde retomar\u00e1 proyecto SITP para ordenar la ciudad"},"content":{"rendered":"<p style=\"padding-left: 40px; text-align: right;\"><strong><span style=\"color: #ff9900;\">C\u00daCUTA.- Fortalecer la ampliaci\u00f3n de la infraestructura vial, recuperar la participaci\u00f3n de usuarios en el transporte p\u00fablico de pasajeros y migrar hacia un sistema integrado que permita copiar los sistemas de las principales ciudades del pa\u00eds e impulsar la zona log\u00edstica binacional son parte de las iniciativas conversadas entre el alcalde Jorge Acevedo y el ministro de Transporte, William Camargo Triana.<\/span><\/strong><\/p>\n<p><a href=\"https:\/\/contraluzcucuta.co\/wp-content\/uploads\/2024\/06\/ALCALDE-MINTRANSPORTE-2.jpeg\"><img loading=\"lazy\" decoding=\"async\" class=\"alignnone  wp-image-42286 alignleft\" src=\"https:\/\/contraluzcucuta.co\/wp-content\/uploads\/2024\/06\/ALCALDE-MINTRANSPORTE-2-300x200.jpeg\" alt=\"\" width=\"245\" height=\"163\" srcset=\"https:\/\/contraluzcucuta.co\/wp-content\/uploads\/2024\/06\/ALCALDE-MINTRANSPORTE-2-300x200.jpeg 300w, https:\/\/contraluzcucuta.co\/wp-content\/uploads\/2024\/06\/ALCALDE-MINTRANSPORTE-2-600x400.jpeg 600w, https:\/\/contraluzcucuta.co\/wp-content\/uploads\/2024\/06\/ALCALDE-MINTRANSPORTE-2-768x512.jpeg 768w, https:\/\/contraluzcucuta.co\/wp-content\/uploads\/2024\/06\/ALCALDE-MINTRANSPORTE-2-310x205.jpeg 310w, https:\/\/contraluzcucuta.co\/wp-content\/uploads\/2024\/06\/ALCALDE-MINTRANSPORTE-2.jpeg 1024w\" sizes=\"auto, (max-width: 245px) 100vw, 245px\" \/><\/a><\/p>\n<p>Los proyectos est\u00e1n contemplados en el Plan Desarrollo Municipal, relacionados con movilidad, v\u00edas e infraestructura. En la reuni\u00f3n se present\u00f3 la oferta de iniciativas del Gobierno para hacer el acompa\u00f1amiento necesario a la administraci\u00f3n.<\/p>\n<p>Jorge Acevedo manifest\u00f3 que en el Plan de Desarrollo hay proyectos para el mejoramiento del transporte, la infraestructura vial y la productividad de la ciudad. Las obras de envergadura requieren apoyo desde Bogot\u00e1.<\/p>\n<p>Tambi\u00e9n, se acord\u00f3 llevar a cabo una agenda conjunta de trabajo. Mar\u00eda Garc\u00eda, viceministra de Transporte, destac\u00f3 que en la jornada se generaron compromisos y pr\u00f3ximas reuniones que permitir\u00e1n identificar los proyectos estrat\u00e9gicos y c\u00f3mo el Gobierno acompa\u00f1ar\u00e1 la agenda.<\/p>\n<p>\u201cNos llena de satisfacci\u00f3n ver el inter\u00e9s del alcalde (Jorge Acevedo) de retomar el proyecto del SITP para ordenar la ciudad\u201d, dijo la viceministra.<\/p>\n<p>Camargo visit\u00f3 al Alcalde en el despacho. Debieron pasar varios a\u00f1os para que un representante del gobierno central subiera al tercer piso del Palacio Municipal. Lo acompa\u00f1aron la viceministra de Infraestructura, Mar\u00eda Constanza Garc\u00eda; el director de Inv\u00edas, Juan Carlos Montenegro; la directora de la UPIT, Martha Coronado, y el director regional de la Aerocivil, Henry Torres.<\/p>\n","protected":false},"excerpt":{"rendered":"<p>C\u00daCUTA.- Fortalecer la ampliaci\u00f3n de la infraestructura vial, recuperar la participaci\u00f3n de usuarios en el transporte p\u00fablico de pasajeros y migrar hacia un sistema integrado que permita copiar los sistemas de las principales ciudades del pa\u00eds e impulsar la zona log\u00edstica binacional son parte de las iniciativas conversadas entre el alcalde Jorge Acevedo y el &hellip;<\/p>\n","protected":false},"author":1,"featured_media":42285,"comment_status":"open","ping_status":"open","sticky":false,"template":"","format":"standard","meta":{"footnotes":""},"categories":[2625,4],"tags":[5950,5250,6396],"class_list":["post-42284","post","type-post","status-publish","format-standard","has-post-thumbnail","hentry","category-alcaldia-de-cucuta","category-barra","tag-alcalde-jorge-acevedo","tag-mintransporte","tag-plan-desarrollo-municipal"],"_links":{"self":[{"href":"https:\/\/contraluzcucuta.co\/index.php?rest_route=\/wp\/v2\/posts\/42284","targetHints":{"allow":["GET"]}}],"collection":[{"href":"https:\/\/contraluzcucuta.co\/index.php?rest_route=\/wp\/v2\/posts"}],"about":[{"href":"https:\/\/contraluzcucuta.co\/index.php?rest_route=\/wp\/v2\/types\/post"}],"author":[{"embeddable":true,"href":"https:\/\/contraluzcucuta.co\/index.php?rest_route=\/wp\/v2\/users\/1"}],"replies":[{"embeddable":true,"href":"https:\/\/contraluzcucuta.co\/index.php?rest_route=%2Fwp%2Fv2%2Fcomments&post=42284"}],"version-history":[{"count":1,"href":"https:\/\/contraluzcucuta.co\/index.php?rest_route=\/wp\/v2\/posts\/42284\/revisions"}],"predecessor-version":[{"id":42287,"href":"https:\/\/contraluzcucuta.co\/index.php?rest_route=\/wp\/v2\/posts\/42284\/revisions\/42287"}],"wp:featuredmedia":[{"embeddable":true,"href":"https:\/\/contraluzcucuta.co\/index.php?rest_route=\/wp\/v2\/media\/42285"}],"wp:attachment":[{"href":"https:\/\/contraluzcucuta.co\/index.php?rest_route=%2Fwp%2Fv2%2Fmedia&parent=42284"}],"wp:term":[{"taxonomy":"category","embeddable":true,"href":"https:\/\/contraluzcucuta.co\/index.php?rest_route=%2Fwp%2Fv2%2Fcategories&post=42284"},{"taxonomy":"post_tag","embeddable":true,"href":"https:\/\/contraluzcucuta.co\/index.php?rest_route=%2Fwp%2Fv2%2Ftags&post=42284"}],"curies":[{"name":"wp","href":"https:\/\/api.w.org\/{rel}","templated":true}]}}