{"id":42280,"date":"2024-06-08T09:24:42","date_gmt":"2024-06-08T14:24:42","guid":{"rendered":"https:\/\/contraluzcucuta.co\/?p=42280"},"modified":"2024-06-08T09:24:42","modified_gmt":"2024-06-08T14:24:42","slug":"expoculinaria-y-artesanal-emprendimientos-surgidos-del-aula","status":"publish","type":"post","link":"https:\/\/contraluzcucuta.co\/?p=42280","title":{"rendered":"EXPOCULINARIA Y ARTESANAL. Emprendimientos surgidos del aula"},"content":{"rendered":"<p style=\"padding-left: 40px; text-align: right;\"><strong><span style=\"color: #ff9900;\">C\u00daCUTA.- En una mesa est\u00e1n dispuestos los art\u00edculos para el aseo del hogar. Al lado, se exhiben comestibles, a la derecha est\u00e1n los postres, sigue la bisuter\u00eda y la ronda termina en la ropa deportiva. La muestra hace parte de la Expoculinaria y Artesanal que se llev\u00f3 a cabo en el Instituto Superior de Educaci\u00f3n Rural, sede C\u00facuta. Docentes y alumnos fueron los expositores de los productos.<\/span><\/strong><\/p>\n<p>Sandra Esperanza Ortega, sic\u00f3loga y coordinadora del programa Tecnolog\u00eda de la Gesti\u00f3n Comunitaria, explic\u00f3 que el objetivo de la feria microempresarial era brindarle a la comunidad iserista herramientas, asesor\u00edas y conexiones que los ayuden a llevar los emprendimientos a niveles amplios.<\/p>\n<p>La poblaci\u00f3n es mixta en edad y residencia. \u00a0Provienen del \u00e1rea rural de C\u00facuta (Patillales), Villa del Rosario y Los Patios. Est\u00e1 conformada por l\u00edderes sociales, presidentes de juntas comunales y reci\u00e9n egresados del bachillerato, desde 17 hasta 50 a\u00f1os. \u201cEl objetivo del programa es brindar estrategias para que los estudiantes puedan gestionar proyectos en busca de la transformaci\u00f3n social\u201d, explic\u00f3 Sandra Ortega.<\/p>\n<p><a href=\"https:\/\/contraluzcucuta.co\/wp-content\/uploads\/2024\/06\/FERIA-ISER-5.jpeg\"><img loading=\"lazy\" decoding=\"async\" class=\"alignnone  wp-image-42282 alignleft\" src=\"https:\/\/contraluzcucuta.co\/wp-content\/uploads\/2024\/06\/FERIA-ISER-5-300x225.jpeg\" alt=\"\" width=\"251\" height=\"188\" srcset=\"https:\/\/contraluzcucuta.co\/wp-content\/uploads\/2024\/06\/FERIA-ISER-5-300x225.jpeg 300w, https:\/\/contraluzcucuta.co\/wp-content\/uploads\/2024\/06\/FERIA-ISER-5-600x450.jpeg 600w, https:\/\/contraluzcucuta.co\/wp-content\/uploads\/2024\/06\/FERIA-ISER-5-1024x768.jpeg 1024w, https:\/\/contraluzcucuta.co\/wp-content\/uploads\/2024\/06\/FERIA-ISER-5-768x576.jpeg 768w, https:\/\/contraluzcucuta.co\/wp-content\/uploads\/2024\/06\/FERIA-ISER-5-1536x1152.jpeg 1536w, https:\/\/contraluzcucuta.co\/wp-content\/uploads\/2024\/06\/FERIA-ISER-5.jpeg 1600w\" sizes=\"auto, (max-width: 251px) 100vw, 251px\" \/><\/a><\/p>\n<p><strong>Jenny \u00c1lvarez<\/strong><\/p>\n<p>Emprendimiento: productos de limpieza para el hogar. Limpiavidrios, jab\u00f3n l\u00edquido, emulsiones, desinfectantes y suavizantes.<\/p>\n<p><strong>Camila Villamizar<\/strong><\/p>\n<p>Emprendimiento, marca de ropa deportiva, conjuntos, licras largas y cortas, medias. La idea surgi\u00f3 de la experiencia personal en el gimnasio al no sentirse c\u00f3moda mientras se ejercitaba. Las prendas tambi\u00e9n pueden utilizarse al salir de paseo o de caminata.<\/p>\n<p><strong>Laura Jaimes<\/strong><\/p>\n<p>Emprendimiento, Valientes, hechos a imagen de Dios. Marca de bisuter\u00eda. Mo\u00f1os, accesorios, para ni\u00f1os, adolescentes y adultos. Otra experiencia personal. Las alumnas del colegio del barrio buscan objetos de moda para lucirlos.<\/p>\n","protected":false},"excerpt":{"rendered":"<p>C\u00daCUTA.- En una mesa est\u00e1n dispuestos los art\u00edculos para el aseo del hogar. Al lado, se exhiben comestibles, a la derecha est\u00e1n los postres, sigue la bisuter\u00eda y la ronda termina en la ropa deportiva. La muestra hace parte de la Expoculinaria y Artesanal que se llev\u00f3 a cabo en el Instituto Superior de Educaci\u00f3n &hellip;<\/p>\n","protected":false},"author":1,"featured_media":42281,"comment_status":"open","ping_status":"open","sticky":false,"template":"","format":"standard","meta":{"footnotes":""},"categories":[74,4,36],"tags":[2597,6395,5806],"class_list":["post-42280","post","type-post","status-publish","format-standard","has-post-thumbnail","hentry","category-aula-universitaria","category-barra","category-la-voz-del-pueblo","tag-aula-universitaria","tag-expoculinaria-artesanal","tag-iser"],"_links":{"self":[{"href":"https:\/\/contraluzcucuta.co\/index.php?rest_route=\/wp\/v2\/posts\/42280","targetHints":{"allow":["GET"]}}],"collection":[{"href":"https:\/\/contraluzcucuta.co\/index.php?rest_route=\/wp\/v2\/posts"}],"about":[{"href":"https:\/\/contraluzcucuta.co\/index.php?rest_route=\/wp\/v2\/types\/post"}],"author":[{"embeddable":true,"href":"https:\/\/contraluzcucuta.co\/index.php?rest_route=\/wp\/v2\/users\/1"}],"replies":[{"embeddable":true,"href":"https:\/\/contraluzcucuta.co\/index.php?rest_route=%2Fwp%2Fv2%2Fcomments&post=42280"}],"version-history":[{"count":1,"href":"https:\/\/contraluzcucuta.co\/index.php?rest_route=\/wp\/v2\/posts\/42280\/revisions"}],"predecessor-version":[{"id":42283,"href":"https:\/\/contraluzcucuta.co\/index.php?rest_route=\/wp\/v2\/posts\/42280\/revisions\/42283"}],"wp:featuredmedia":[{"embeddable":true,"href":"https:\/\/contraluzcucuta.co\/index.php?rest_route=\/wp\/v2\/media\/42281"}],"wp:attachment":[{"href":"https:\/\/contraluzcucuta.co\/index.php?rest_route=%2Fwp%2Fv2%2Fmedia&parent=42280"}],"wp:term":[{"taxonomy":"category","embeddable":true,"href":"https:\/\/contraluzcucuta.co\/index.php?rest_route=%2Fwp%2Fv2%2Fcategories&post=42280"},{"taxonomy":"post_tag","embeddable":true,"href":"https:\/\/contraluzcucuta.co\/index.php?rest_route=%2Fwp%2Fv2%2Ftags&post=42280"}],"curies":[{"name":"wp","href":"https:\/\/api.w.org\/{rel}","templated":true}]}}