{"id":42257,"date":"2024-06-07T05:13:09","date_gmt":"2024-06-07T10:13:09","guid":{"rendered":"https:\/\/contraluzcucuta.co\/?p=42257"},"modified":"2024-06-07T05:13:09","modified_gmt":"2024-06-07T10:13:09","slug":"coleccion-ixora-puntadas-por-la-paz","status":"publish","type":"post","link":"https:\/\/contraluzcucuta.co\/?p=42257","title":{"rendered":"COLECCI\u00d3N IXORA. Puntadas por la paz"},"content":{"rendered":"<p style=\"padding-left: 40px; text-align: right;\"><strong><span style=\"color: #ff9900;\">C\u00daCUTA.- Katerin Avella es campesina catatumbera. Un d\u00eda de uni\u00f3 a otras seis firmantes del Acuerdo de Paz y pensaron en la Asociaci\u00f3n Puntadas de Paz. La Agencia para la Reincorporaci\u00f3n y Normalizaci\u00f3n (ARN) acogi\u00f3 el proyecto y las acompa\u00f1\u00f3 para que la idea se convirtiera en realidad.<\/span><\/strong><\/p>\n<p><a href=\"https:\/\/contraluzcucuta.co\/wp-content\/uploads\/2024\/06\/PUNTADAS-POR-LA-PAZ-3.jpeg\"><img loading=\"lazy\" decoding=\"async\" class=\"alignnone  wp-image-42259 alignleft\" src=\"https:\/\/contraluzcucuta.co\/wp-content\/uploads\/2024\/06\/PUNTADAS-POR-LA-PAZ-3-300x225.jpeg\" alt=\"\" width=\"244\" height=\"183\" srcset=\"https:\/\/contraluzcucuta.co\/wp-content\/uploads\/2024\/06\/PUNTADAS-POR-LA-PAZ-3-300x225.jpeg 300w, https:\/\/contraluzcucuta.co\/wp-content\/uploads\/2024\/06\/PUNTADAS-POR-LA-PAZ-3-600x450.jpeg 600w, https:\/\/contraluzcucuta.co\/wp-content\/uploads\/2024\/06\/PUNTADAS-POR-LA-PAZ-3-768x576.jpeg 768w, https:\/\/contraluzcucuta.co\/wp-content\/uploads\/2024\/06\/PUNTADAS-POR-LA-PAZ-3.jpeg 1024w\" sizes=\"auto, (max-width: 244px) 100vw, 244px\" \/><\/a><\/p>\n<p>Hoy, mediante el taller de costura, dedicado a la confecci\u00f3n de prendas de vestir, sacaron al mercado la colecci\u00f3n Ixora. Tomaron el nombre prestado de la flor t\u00edpica de Norte de Santander, especie natural que se encuentra en todos los terrenos y florece, a pesar de las inclemencias y de las adversidades clim\u00e1ticas. Tienen la sede en Ca\u00f1o Indio (Tib\u00fa).<\/p>\n<p>Puntadas de Paz est\u00e1 enfocada en la elaboraci\u00f3n de faldas envolventes, pueden utilizarse como fada, como vestido o como blusa. Est\u00e1n elaboradas en telas con estampados exclusivos que hacen alusi\u00f3n a la flor de chocolate, las ixoras, los cardenalitos, los canarios, el atardecer de El Catatumbo y la biodiversidad de la regi\u00f3n.<\/p>\n<p>El proyecto pretende ayudar a las mujeres para que sean aut\u00f3nomas econ\u00f3micamente, y tambi\u00e9n que ejerzan potestad sobre el cuerpo, la vida y la pol\u00edtica. La Asociaci\u00f3n, que tiene como lema Inclusivas y aut\u00f3nomas, hizo el relanzamiento de la marca, este jueves, para promover la iniciativa y alcanzar mayor apoyo de compradores y empresarios.<\/p>\n<p>Katerin y sus compa\u00f1eras de aventura textil buscan con la colecci\u00f3n Ixora visibilizar la riqueza y la pluralidad del territorio. Se inspiran en elementos est\u00e9ticos y simb\u00f3licos de la flora y la fauna de El Catatumbo y crean prendas que se adaptan a las siluetas y las figuras, brind\u00e1ndoles libertad.<\/p>\n<p>\u201cNuestra apuesta es establecer una marca de ropa que represente la fuerza y la libertad de las mujeres, la voluntad de paz y al Catatumbo como territorio en resistencia\u201d, se lee en la Misi\u00f3n de la Asociaci\u00f3n.<\/p>\n<p>&nbsp;<\/p>\n","protected":false},"excerpt":{"rendered":"<p>C\u00daCUTA.- Katerin Avella es campesina catatumbera. Un d\u00eda de uni\u00f3 a otras seis firmantes del Acuerdo de Paz y pensaron en la Asociaci\u00f3n Puntadas de Paz. La Agencia para la Reincorporaci\u00f3n y Normalizaci\u00f3n (ARN) acogi\u00f3 el proyecto y las acompa\u00f1\u00f3 para que la idea se convirtiera en realidad. Hoy, mediante el taller de costura, dedicado &hellip;<\/p>\n","protected":false},"author":1,"featured_media":42258,"comment_status":"open","ping_status":"open","sticky":false,"template":"","format":"standard","meta":{"footnotes":""},"categories":[4,32],"tags":[4989,4569,6391,246,6392],"class_list":["post-42257","post","type-post","status-publish","format-standard","has-post-thumbnail","hentry","category-barra","category-recorrido-por-la-region","tag-agencia-para-la-reincorporacion-y-normalizacion","tag-arn","tag-coleccion-ixora","tag-el-catatumbo","tag-puntadas-por-la-paz"],"_links":{"self":[{"href":"https:\/\/contraluzcucuta.co\/index.php?rest_route=\/wp\/v2\/posts\/42257","targetHints":{"allow":["GET"]}}],"collection":[{"href":"https:\/\/contraluzcucuta.co\/index.php?rest_route=\/wp\/v2\/posts"}],"about":[{"href":"https:\/\/contraluzcucuta.co\/index.php?rest_route=\/wp\/v2\/types\/post"}],"author":[{"embeddable":true,"href":"https:\/\/contraluzcucuta.co\/index.php?rest_route=\/wp\/v2\/users\/1"}],"replies":[{"embeddable":true,"href":"https:\/\/contraluzcucuta.co\/index.php?rest_route=%2Fwp%2Fv2%2Fcomments&post=42257"}],"version-history":[{"count":1,"href":"https:\/\/contraluzcucuta.co\/index.php?rest_route=\/wp\/v2\/posts\/42257\/revisions"}],"predecessor-version":[{"id":42260,"href":"https:\/\/contraluzcucuta.co\/index.php?rest_route=\/wp\/v2\/posts\/42257\/revisions\/42260"}],"wp:featuredmedia":[{"embeddable":true,"href":"https:\/\/contraluzcucuta.co\/index.php?rest_route=\/wp\/v2\/media\/42258"}],"wp:attachment":[{"href":"https:\/\/contraluzcucuta.co\/index.php?rest_route=%2Fwp%2Fv2%2Fmedia&parent=42257"}],"wp:term":[{"taxonomy":"category","embeddable":true,"href":"https:\/\/contraluzcucuta.co\/index.php?rest_route=%2Fwp%2Fv2%2Fcategories&post=42257"},{"taxonomy":"post_tag","embeddable":true,"href":"https:\/\/contraluzcucuta.co\/index.php?rest_route=%2Fwp%2Fv2%2Ftags&post=42257"}],"curies":[{"name":"wp","href":"https:\/\/api.w.org\/{rel}","templated":true}]}}