{"id":42249,"date":"2024-06-07T04:13:13","date_gmt":"2024-06-07T09:13:13","guid":{"rendered":"https:\/\/contraluzcucuta.co\/?p=42249"},"modified":"2024-06-07T05:22:57","modified_gmt":"2024-06-07T10:22:57","slug":"operativos-en-la-terminal-lucha-frontal-contra-la-extorsion","status":"publish","type":"post","link":"https:\/\/contraluzcucuta.co\/?p=42249","title":{"rendered":"OPERATIVOS EN LA TERMINAL. Lucha frontal contra la extorsi\u00f3n"},"content":{"rendered":"<p style=\"padding-left: 40px; text-align: right;\"><strong><span style=\"color: #ff9900;\">C\u00daCUTA.- Doscientos comerciantes y viajeros participaron en las acciones de control y prevenci\u00f3n de la extorsi\u00f3n y el secuestro. La Alcald\u00eda, la Polic\u00eda Metropolitana (Mecuc), el Gaula y el Batall\u00f3n de Fuerzas Especiales Urbanas (Bafur) comenzaron una lucha frontal contra estos delitos en la Central de Transporte de C\u00facuta.<\/span><\/strong><\/p>\n<p>El alcalde Jorge Acevedo pidi\u00f3 a la ciudadan\u00eda fortalecer las redes de apoyo para combatir la delincuencia organizada. \u201cNo vamos a ceder. Trabajamos fuerte con las autoridades para desmantelar las estructuras que causan da\u00f1o a la poblaci\u00f3n, la econom\u00eda y el desarrollo de la ciudad\u201d.<\/p>\n<p>En un recorrido por la Central de Transportes, la Secretar\u00eda de Seguridad, el Gaula Militar y el Bafur socializaron los planes de control y atendieron casos relacionados con los actos delictivos.<\/p>\n<p>El secretario Diego Villamizar indic\u00f3 que con la fuerza p\u00fablica mantendr\u00e1n los canales de atenci\u00f3n y las labores de inteligencia que han permitido la captura de delincuentes.<\/p>\n","protected":false},"excerpt":{"rendered":"<p>C\u00daCUTA.- Doscientos comerciantes y viajeros participaron en las acciones de control y prevenci\u00f3n de la extorsi\u00f3n y el secuestro. La Alcald\u00eda, la Polic\u00eda Metropolitana (Mecuc), el Gaula y el Batall\u00f3n de Fuerzas Especiales Urbanas (Bafur) comenzaron una lucha frontal contra estos delitos en la Central de Transporte de C\u00facuta. El alcalde Jorge Acevedo pidi\u00f3 a &hellip;<\/p>\n","protected":false},"author":1,"featured_media":42251,"comment_status":"open","ping_status":"open","sticky":false,"template":"","format":"standard","meta":{"footnotes":""},"categories":[11],"tags":[6390,6250,6389,4838],"class_list":["post-42249","post","type-post","status-publish","format-standard","has-post-thumbnail","hentry","category-cronica-roja","tag-bafur","tag-gaula-militar","tag-secretaria-de-seguridad","tag-terminal-de-transportes-de-cucuta"],"_links":{"self":[{"href":"https:\/\/contraluzcucuta.co\/index.php?rest_route=\/wp\/v2\/posts\/42249","targetHints":{"allow":["GET"]}}],"collection":[{"href":"https:\/\/contraluzcucuta.co\/index.php?rest_route=\/wp\/v2\/posts"}],"about":[{"href":"https:\/\/contraluzcucuta.co\/index.php?rest_route=\/wp\/v2\/types\/post"}],"author":[{"embeddable":true,"href":"https:\/\/contraluzcucuta.co\/index.php?rest_route=\/wp\/v2\/users\/1"}],"replies":[{"embeddable":true,"href":"https:\/\/contraluzcucuta.co\/index.php?rest_route=%2Fwp%2Fv2%2Fcomments&post=42249"}],"version-history":[{"count":1,"href":"https:\/\/contraluzcucuta.co\/index.php?rest_route=\/wp\/v2\/posts\/42249\/revisions"}],"predecessor-version":[{"id":42252,"href":"https:\/\/contraluzcucuta.co\/index.php?rest_route=\/wp\/v2\/posts\/42249\/revisions\/42252"}],"wp:featuredmedia":[{"embeddable":true,"href":"https:\/\/contraluzcucuta.co\/index.php?rest_route=\/wp\/v2\/media\/42251"}],"wp:attachment":[{"href":"https:\/\/contraluzcucuta.co\/index.php?rest_route=%2Fwp%2Fv2%2Fmedia&parent=42249"}],"wp:term":[{"taxonomy":"category","embeddable":true,"href":"https:\/\/contraluzcucuta.co\/index.php?rest_route=%2Fwp%2Fv2%2Fcategories&post=42249"},{"taxonomy":"post_tag","embeddable":true,"href":"https:\/\/contraluzcucuta.co\/index.php?rest_route=%2Fwp%2Fv2%2Ftags&post=42249"}],"curies":[{"name":"wp","href":"https:\/\/api.w.org\/{rel}","templated":true}]}}