{"id":42243,"date":"2024-06-07T03:57:52","date_gmt":"2024-06-07T08:57:52","guid":{"rendered":"https:\/\/contraluzcucuta.co\/?p=42243"},"modified":"2024-06-07T03:57:52","modified_gmt":"2024-06-07T08:57:52","slug":"consules-en-cucuta-y-san-antonio-vidas-diplomaticas-paralelas","status":"publish","type":"post","link":"https:\/\/contraluzcucuta.co\/?p=42243","title":{"rendered":"C\u00d3NSULES EN C\u00daCUTA Y SAN ANTONIO. Vidas diplom\u00e1ticas paralelas\u00a0\u00a0"},"content":{"rendered":"<p style=\"padding-left: 40px; text-align: right;\"><strong><em><span style=\"color: #ff9900;\">El 27 de noviembre de 1831, Colombia y Venezuela establecen relaciones diplom\u00e1ticas. 23 de febrero de 2019: el gobierno venezolano anunci\u00f3 la ruptura integral de relaciones. 12 de agosto de 2022: mediante el intercambio de notas diplom\u00e1ticas, se oficializ\u00f3 el restablecimiento de relaciones diplom\u00e1ticas y consulares. (Wikipedia)<\/span><\/em><\/strong><\/p>\n<p><a href=\"https:\/\/contraluzcucuta.co\/wp-content\/uploads\/2024\/06\/FESC-CONVERSATORIO-10A.jpg\"><img loading=\"lazy\" decoding=\"async\" class=\" wp-image-42245 alignleft\" src=\"https:\/\/contraluzcucuta.co\/wp-content\/uploads\/2024\/06\/FESC-CONVERSATORIO-10A-300x275.jpg\" alt=\"\" width=\"249\" height=\"228\" srcset=\"https:\/\/contraluzcucuta.co\/wp-content\/uploads\/2024\/06\/FESC-CONVERSATORIO-10A-300x275.jpg 300w, https:\/\/contraluzcucuta.co\/wp-content\/uploads\/2024\/06\/FESC-CONVERSATORIO-10A-600x550.jpg 600w, https:\/\/contraluzcucuta.co\/wp-content\/uploads\/2024\/06\/FESC-CONVERSATORIO-10A-768x704.jpg 768w, https:\/\/contraluzcucuta.co\/wp-content\/uploads\/2024\/06\/FESC-CONVERSATORIO-10A.jpg 952w\" sizes=\"auto, (max-width: 249px) 100vw, 249px\" \/><\/a><strong>C\u00daCUTA.-<\/strong> \u201cMi pap\u00e1 me dec\u00eda que estudiara, pero no me dec\u00eda para qu\u00e9\u201d, dijo Sergio Ram\u00f3n Arias C\u00e1rdenas, C\u00f3nsul de Venezuela en C\u00facuta, en el conversatorio con estudiantes de la Fundaci\u00f3n de Estudios Superiores Comfanorte (FESC). Los j\u00f3venes indagaban acerca de la experiencia de este hombre en la frontera.<\/p>\n<p>Despu\u00e9s, con el tiempo, supo para qu\u00e9 se estudiaba. Eran momentos dif\u00edciles para asistir al aula de clases. Sali\u00f3 de la universidad a los 21 a\u00f1os y comenz\u00f3 a trabajar para aprovechar la vida. Es consciente de que, as\u00ed como aprende r\u00e1pido, tambi\u00e9n olvida pronto.<\/p>\n<p>La carrera profesional comenz\u00f3 en el ministerio de Educaci\u00f3n, combinada con el ejercicio en la Universidad de Los Andes. En el 2008, se abri\u00f3 un concurso en la Canciller\u00eda y lo aprob\u00f3. \u201cMe enviaron a ordenar y a reorganizar el Consulado de Venezuela en C\u00facuta\u201d. La sede acusaba m\u00faltiples problemas que deb\u00edan solucionarse.<\/p>\n<p>En ese tiempo las relaciones diplom\u00e1ticas colombo-venezolanas estaban en auge. \u201cVenezuela ten\u00eda bonanza econ\u00f3mica y C\u00facuta estaba llena de gente que trabajaba con Cadivi. Los bancos estaban llenos de dinero\u201d. En medio de esa prosperidad hab\u00eda asuntos que deb\u00edan ordenarse y le encargaron esa funci\u00f3n.<\/p>\n<p><a href=\"https:\/\/contraluzcucuta.co\/wp-content\/uploads\/2024\/06\/FESC-CONVERSATORIO-4A.jpg\"><img loading=\"lazy\" decoding=\"async\" class=\"alignnone size-medium wp-image-42246 alignleft\" src=\"https:\/\/contraluzcucuta.co\/wp-content\/uploads\/2024\/06\/FESC-CONVERSATORIO-4A-193x300.jpg\" alt=\"\" width=\"193\" height=\"300\" srcset=\"https:\/\/contraluzcucuta.co\/wp-content\/uploads\/2024\/06\/FESC-CONVERSATORIO-4A-193x300.jpg 193w, https:\/\/contraluzcucuta.co\/wp-content\/uploads\/2024\/06\/FESC-CONVERSATORIO-4A.jpg 323w\" sizes=\"auto, (max-width: 193px) 100vw, 193px\" \/><\/a><\/p>\n<p>\u201cLa experiencia ha sido agradable. La mejor experiencia en C\u00facuta es la satisfacci\u00f3n plena de muchos esfuerzos consumidos\u201d. Arias C\u00e1rdenas asisti\u00f3 a la instalaci\u00f3n de la primera piedra del puente Atanasio Girardot (Tienditas). A\u00f1os despu\u00e9s, cuando se inaugur\u00f3, fue uno de los primeros que cruz\u00f3 por el paso sobre el r\u00edo T\u00e1chira.<\/p>\n<p>El tiempo en la oficina le da el suficiente conocimiento para decir que \u201cla din\u00e1mica de la frontera no la entendemos ni en la academia, ni en Bogot\u00e1 ni en Caracas\u201d. Y est\u00e1 seguro de que muchos de los que vienen de las capitales, se paran en la l\u00ednea fronteriza y al ver c\u00f3mo fluye la vida, no le encuentran raz\u00f3n.<\/p>\n<p>La dicha de representar a su pa\u00eds en el exterior se vio cortada, de manera s\u00fabita, por decisiones tomadas desde el gobierno central. \u201cEn 2019, a ra\u00edz de la ruptura de relaciones diplom\u00e1ticas, tuvimos que salir con una mochilita, con un morralito, en carrera para Caracas\u201d. Pero la vida da revanchas.<\/p>\n<p>\u201cSe me dio la oportunidad de nuevo, el a\u00f1o pasado. Nicol\u00e1s Maduro me design\u00f3 para cumplir funciones en C\u00facuta. Tenemos un a\u00f1o tratando de hacer lo mejor que aprendimos en su \u00e9poca y corregir algunos errores que ten\u00edamos para salir adelante con todas las funciones\u201d.<\/p>\n<p>El aplauso, en se\u00f1al de agradecimiento por lo compartido, dur\u00f3 largos segundos. En pocos minutos, estaba resumida la vida consular de Sergio Ram\u00f3n Arias C\u00e1rdenas.<\/p>\n<p>&nbsp;<\/p>\n<p><a href=\"https:\/\/contraluzcucuta.co\/wp-content\/uploads\/2024\/06\/FESC-CONVERSATORIO-1A.jpg\"><img loading=\"lazy\" decoding=\"async\" class=\"alignnone  wp-image-42247 alignleft\" src=\"https:\/\/contraluzcucuta.co\/wp-content\/uploads\/2024\/06\/FESC-CONVERSATORIO-1A-300x283.jpg\" alt=\"\" width=\"247\" height=\"233\" srcset=\"https:\/\/contraluzcucuta.co\/wp-content\/uploads\/2024\/06\/FESC-CONVERSATORIO-1A-300x283.jpg 300w, https:\/\/contraluzcucuta.co\/wp-content\/uploads\/2024\/06\/FESC-CONVERSATORIO-1A-600x566.jpg 600w, https:\/\/contraluzcucuta.co\/wp-content\/uploads\/2024\/06\/FESC-CONVERSATORIO-1A-768x724.jpg 768w, https:\/\/contraluzcucuta.co\/wp-content\/uploads\/2024\/06\/FESC-CONVERSATORIO-1A.jpg 905w\" sizes=\"auto, (max-width: 247px) 100vw, 247px\" \/><\/a><\/p>\n<p><strong>\u201c\u00bfC\u00f3mo hemos llegado ad\u00f3nde llegamos?\u201d<\/strong><\/p>\n<p>se pregunt\u00f3 Bernardo Alejandro Mah\u00e9 Matamoros, C\u00f3nsul de Colombia en Venezuela, para responder a las inquietudes de los estudiantes de negocios internacionales en la Fesc. \u201cNunca hay dos carreras iguales, nunca se sufre lo mismo, pero las satisfacciones de terminarla siempre son las mismas\u201d.<\/p>\n<p>Retrocedi\u00f3 en el tiempo y se vio, como los j\u00f3venes que ten\u00eda al frente, pr\u00f3ximos a graduarse, sin saber exactamente que ser\u00eda de su vida. Un aviso en el peri\u00f3dico anunciaba el concurso p\u00fablico que daba la oportunidad de estudiar y trabajar en el exterior. \u201cMe gradu\u00e9 en la Escuela Diplom\u00e1tica de Madrid\u201d. La oportunidad la complement\u00f3 con una beca del Icetex.<\/p>\n<p>Ah\u00ed comenz\u00f3 el periplo por el mundo. Agregado comercial en Tailandia, estuvo en Barcelona, regres\u00f3 a Bogot\u00e1, fue c\u00f3nsul en Rep\u00fablica Dominicana y en Nueva York. Los viajes sirvieron para acumular la experiencia de la que quer\u00edan o\u00edr los asistentes, pero no fueron suficientes para cambiarle la vida.<\/p>\n<p>En el terremoto que destruy\u00f3 a Hait\u00ed (2010), la ayuda que prest\u00f3 a paisanos y extra\u00f1os, el apoyo que dio a una treintena de ni\u00f1os y el sentir la tragedia bajo sus pies y ante sus ojos, lo hacen pensar en que esos son los momentos que definen los roles de los seres humanos.<\/p>\n<p><strong>RAFAEL ANTONIO PAB\u00d3N<\/strong><\/p>\n<p><strong><a href=\"mailto:rafaelpabon58@hotmail.com\">rafaelpabon58@hotmail.com<\/a><\/strong><\/p>\n<p><strong>\u00a0<\/strong><\/p>\n","protected":false},"excerpt":{"rendered":"<p>El 27 de noviembre de 1831, Colombia y Venezuela establecen relaciones diplom\u00e1ticas. 23 de febrero de 2019: el gobierno venezolano anunci\u00f3 la ruptura integral de relaciones. 12 de agosto de 2022: mediante el intercambio de notas diplom\u00e1ticas, se oficializ\u00f3 el restablecimiento de relaciones diplom\u00e1ticas y consulares. (Wikipedia) C\u00daCUTA.- \u201cMi pap\u00e1 me dec\u00eda que estudiara, pero &hellip;<\/p>\n","protected":false},"author":1,"featured_media":42244,"comment_status":"open","ping_status":"open","sticky":false,"template":"","format":"standard","meta":{"footnotes":""},"categories":[4,36],"tags":[6364,6363,4368],"class_list":["post-42243","post","type-post","status-publish","format-standard","has-post-thumbnail","hentry","category-barra","category-la-voz-del-pueblo","tag-consul-en-cucuta","tag-consul-en-san-antonio","tag-fesc"],"_links":{"self":[{"href":"https:\/\/contraluzcucuta.co\/index.php?rest_route=\/wp\/v2\/posts\/42243","targetHints":{"allow":["GET"]}}],"collection":[{"href":"https:\/\/contraluzcucuta.co\/index.php?rest_route=\/wp\/v2\/posts"}],"about":[{"href":"https:\/\/contraluzcucuta.co\/index.php?rest_route=\/wp\/v2\/types\/post"}],"author":[{"embeddable":true,"href":"https:\/\/contraluzcucuta.co\/index.php?rest_route=\/wp\/v2\/users\/1"}],"replies":[{"embeddable":true,"href":"https:\/\/contraluzcucuta.co\/index.php?rest_route=%2Fwp%2Fv2%2Fcomments&post=42243"}],"version-history":[{"count":1,"href":"https:\/\/contraluzcucuta.co\/index.php?rest_route=\/wp\/v2\/posts\/42243\/revisions"}],"predecessor-version":[{"id":42248,"href":"https:\/\/contraluzcucuta.co\/index.php?rest_route=\/wp\/v2\/posts\/42243\/revisions\/42248"}],"wp:featuredmedia":[{"embeddable":true,"href":"https:\/\/contraluzcucuta.co\/index.php?rest_route=\/wp\/v2\/media\/42244"}],"wp:attachment":[{"href":"https:\/\/contraluzcucuta.co\/index.php?rest_route=%2Fwp%2Fv2%2Fmedia&parent=42243"}],"wp:term":[{"taxonomy":"category","embeddable":true,"href":"https:\/\/contraluzcucuta.co\/index.php?rest_route=%2Fwp%2Fv2%2Fcategories&post=42243"},{"taxonomy":"post_tag","embeddable":true,"href":"https:\/\/contraluzcucuta.co\/index.php?rest_route=%2Fwp%2Fv2%2Ftags&post=42243"}],"curies":[{"name":"wp","href":"https:\/\/api.w.org\/{rel}","templated":true}]}}