{"id":42237,"date":"2024-06-06T18:56:08","date_gmt":"2024-06-06T23:56:08","guid":{"rendered":"https:\/\/contraluzcucuta.co\/?p=42237"},"modified":"2024-06-06T18:59:05","modified_gmt":"2024-06-06T23:59:05","slug":"conversaciones-de-entre-casa-en-el-sinai-espero-encontrar-paz-espiritual-cristian-diaz","status":"publish","type":"post","link":"https:\/\/contraluzcucuta.co\/?p=42237","title":{"rendered":"CONVERSACIONES DE ENTRE CASA. En el Sina\u00ed espero encontrar paz espiritual, Cristian D\u00edaz"},"content":{"rendered":"<p style=\"padding-left: 40px; text-align: right;\"><strong><span style=\"color: #ff9900;\">C\u00daCUTA.- Un cucute\u00f1o har\u00e1 parte de la unidad militar que partir\u00e1 a la pen\u00ednsula del Sina\u00ed (Egipto) para cumplir la misi\u00f3n de verificar, observar y reportar cualquier incidente que viole el tratado de paz de Camp David, que existe en la zona fronteriza con Israel. Gan\u00f3 el derecho a viajar por el desempe\u00f1o en el \u00e1rea de operaciones.<\/span><\/strong><\/p>\n<p><a href=\"https:\/\/contraluzcucuta.co\/wp-content\/uploads\/2024\/06\/CRISTIAN-DIAZ-3.jpeg\"><img loading=\"lazy\" decoding=\"async\" class=\"alignnone wp-image-42239 alignleft\" src=\"https:\/\/contraluzcucuta.co\/wp-content\/uploads\/2024\/06\/CRISTIAN-DIAZ-3-225x300.jpeg\" alt=\"\" width=\"210\" height=\"280\" srcset=\"https:\/\/contraluzcucuta.co\/wp-content\/uploads\/2024\/06\/CRISTIAN-DIAZ-3-225x300.jpeg 225w, https:\/\/contraluzcucuta.co\/wp-content\/uploads\/2024\/06\/CRISTIAN-DIAZ-3-600x800.jpeg 600w, https:\/\/contraluzcucuta.co\/wp-content\/uploads\/2024\/06\/CRISTIAN-DIAZ-3-768x1024.jpeg 768w, https:\/\/contraluzcucuta.co\/wp-content\/uploads\/2024\/06\/CRISTIAN-DIAZ-3-1152x1536.jpeg 1152w, https:\/\/contraluzcucuta.co\/wp-content\/uploads\/2024\/06\/CRISTIAN-DIAZ-3.jpeg 1200w\" sizes=\"auto, (max-width: 210px) 100vw, 210px\" \/><\/a><\/p>\n<p>Cristian D\u00edaz Acevedo es soldado profesional, lleva 10 a\u00f1os vinculado al Ej\u00e9rcito de Colombia. En el Batall\u00f3n de Artiller\u00eda 30, Batalla de C\u00facuta, estuvo 9 a\u00f1os. Luego, fue trasladado al Batall\u00f3n de Infanter\u00eda 14 Antonio Ricaurte, en Bucaramanga. Ahora, hace parte del relevo 123 del Batall\u00f3n de Infanter\u00eda 3 Colombia, que se desplegar\u00e1 en el Sina\u00ed.<\/p>\n<ul>\n<li><em>Nacido en C\u00facuta y criado en Bucaramanga. Sin embargo, mi labor con el Ej\u00e9rcito ha sido, en su mayor\u00eda, patrullar en El Catatumbo, cumpliendo la misi\u00f3n encomendada de proteger a la poblaci\u00f3n civil.<\/em><\/li>\n<\/ul>\n<p>Al partir, deja en la ciudad a la mam\u00e1, la abuela, la hermana y los t\u00edos. Todos est\u00e1n felices, porque lo ven triunfar. Al volver, seguro, recuperar\u00e1n ese tiempo que permanecer\u00e1n lejos. El Batall\u00f3n de Infanter\u00eda est\u00e1 a 11.499 kil\u00f3metros de distancia. Hasta all\u00e1 llegar\u00e1 como miembro de la Fuerza Multinacional y de Observadores.<\/p>\n<p>Luego de recibir el t\u00edtulo como bachiller, se matricul\u00f3 en la universidad y cursa segundo semestre de sicolog\u00eda. Ha permanecido inquieto intelectualmente y ha participado en capacitaciones, cursos y entrenamientos que brinda la instituci\u00f3n. Es socorrista de combate, asisti\u00f3 a los cursos EXDE antiexplosivos, LG obus artiller\u00eda, de inteligencia, de escolta y de derechos humanos.<\/p>\n<p>En el momento de elegir la carrera militar como opci\u00f3n de vida, vi que el Ej\u00e9rcito le ofrec\u00eda esa oportunidad que buscaba para destacarse entre los dem\u00e1s y ser diferente. Hoy lo piensa con calma y est\u00e1 seguro de haber logrado ese objetivo. Los obst\u00e1culos surgidos en el camino los ha saltado y, una d\u00e9cada despu\u00e9s, dice con firmeza que est\u00e1 feliz y orgulloso de pertenecer al Ej\u00e9rcito.<\/p>\n<p><a href=\"https:\/\/contraluzcucuta.co\/wp-content\/uploads\/2024\/06\/CRISTIAN-DIAZ-5.jpeg\"><img loading=\"lazy\" decoding=\"async\" class=\"alignnone wp-image-42240 alignleft\" src=\"https:\/\/contraluzcucuta.co\/wp-content\/uploads\/2024\/06\/CRISTIAN-DIAZ-5-300x140.jpeg\" alt=\"\" width=\"246\" height=\"115\" srcset=\"https:\/\/contraluzcucuta.co\/wp-content\/uploads\/2024\/06\/CRISTIAN-DIAZ-5-300x140.jpeg 300w, https:\/\/contraluzcucuta.co\/wp-content\/uploads\/2024\/06\/CRISTIAN-DIAZ-5-600x280.jpeg 600w, https:\/\/contraluzcucuta.co\/wp-content\/uploads\/2024\/06\/CRISTIAN-DIAZ-5-1024x478.jpeg 1024w, https:\/\/contraluzcucuta.co\/wp-content\/uploads\/2024\/06\/CRISTIAN-DIAZ-5-768x358.jpeg 768w, https:\/\/contraluzcucuta.co\/wp-content\/uploads\/2024\/06\/CRISTIAN-DIAZ-5.jpeg 1280w\" sizes=\"auto, (max-width: 246px) 100vw, 246px\" \/><\/a><\/p>\n<p><strong>\u00bfQu\u00e9 expectativas tiene con el viaje?<\/strong><\/p>\n<ul>\n<li><em> Solo me dejar\u00e9 sorprender con cada d\u00eda que pase. Quiero aprender un nuevo idioma, sobre nuevas culturas y saber c\u00f3mo trabajan otros ej\u00e9rcitos y la Fuerza Multinacional y de Observadores (MFO).<\/em><\/li>\n<\/ul>\n<p>La misi\u00f3n que cumplir\u00e1 en el Sina\u00ed como soldado est\u00e1 relacionada con la funci\u00f3n de verificar, observar y reportar lo que ocurra en torno al tratado de paz de Camp David. (En septiembre de 1978, Egipto e Israel firman los acuerdos de Camp David, en los que establecen un &#8220;marco de trabajo para la paz en Medio Oriente&#8221;, que incluye una autonom\u00eda limitada para los palestinos). Wikipedia.<\/p>\n<p>El soldado D\u00edaz Acevedo, Cristian sabe que la Fuerza Multinacional y de Observadores naci\u00f3 a ra\u00edz de esos tratados de paz, que el objetivo es garantizar que se cumplan y que Colombia hace parte desde 1982.<\/p>\n<p><strong>\u00bfQu\u00e9 espera encontrar all\u00e1?<\/strong><\/p>\n<ul>\n<li><em>Nuevos aprendizajes, paz mental, espiritual y f\u00edsica para asumir esta nueva misi\u00f3n.<\/em><\/li>\n<\/ul>\n<p><strong>\u00bfAl regreso c\u00f3mo quiere que lo reciban?<\/strong><\/p>\n<ul>\n<li><em>Solo quiero estar con mi familia y mi Ej\u00e9rcito.<\/em><\/li>\n<\/ul>\n<p><strong>\u00bfSeguir\u00e1 en el Ej\u00e9rcito?<\/strong><\/p>\n<ul>\n<li><em>Claro que seguir\u00e9 en mi Ej\u00e9rcito, hasta el final.<\/em><\/li>\n<\/ul>\n<p><strong>RAFAEL ANTONIO PAB\u00d3N \u00a0\u00a0<\/strong><\/p>\n<p><strong><a href=\"mailto:rafaelpabon58@hotmail.com\">rafaelpabon58@hotmail.com<\/a><\/strong><\/p>\n","protected":false},"excerpt":{"rendered":"<p>C\u00daCUTA.- Un cucute\u00f1o har\u00e1 parte de la unidad militar que partir\u00e1 a la pen\u00ednsula del Sina\u00ed (Egipto) para cumplir la misi\u00f3n de verificar, observar y reportar cualquier incidente que viole el tratado de paz de Camp David, que existe en la zona fronteriza con Israel. Gan\u00f3 el derecho a viajar por el desempe\u00f1o en el &hellip;<\/p>\n","protected":false},"author":1,"featured_media":42242,"comment_status":"open","ping_status":"open","sticky":false,"template":"","format":"standard","meta":{"footnotes":""},"categories":[5970,45,4],"tags":[174,6386,6387,5935,299,6388,6385],"class_list":["post-42237","post","type-post","status-publish","format-standard","has-post-thumbnail","hentry","category-conversaciones-de-entre-casa","category-destacado","category-barra","tag-batalla-de-cucuta","tag-batallon-de-artilleria-30","tag-batallon-de-infanteria-14","tag-conversaciones-de-entre-casa","tag-ejercito-de-colombia","tag-fuerza-multinacional-y-de-observadores","tag-peninsula-del-sinai"],"_links":{"self":[{"href":"https:\/\/contraluzcucuta.co\/index.php?rest_route=\/wp\/v2\/posts\/42237","targetHints":{"allow":["GET"]}}],"collection":[{"href":"https:\/\/contraluzcucuta.co\/index.php?rest_route=\/wp\/v2\/posts"}],"about":[{"href":"https:\/\/contraluzcucuta.co\/index.php?rest_route=\/wp\/v2\/types\/post"}],"author":[{"embeddable":true,"href":"https:\/\/contraluzcucuta.co\/index.php?rest_route=\/wp\/v2\/users\/1"}],"replies":[{"embeddable":true,"href":"https:\/\/contraluzcucuta.co\/index.php?rest_route=%2Fwp%2Fv2%2Fcomments&post=42237"}],"version-history":[{"count":1,"href":"https:\/\/contraluzcucuta.co\/index.php?rest_route=\/wp\/v2\/posts\/42237\/revisions"}],"predecessor-version":[{"id":42241,"href":"https:\/\/contraluzcucuta.co\/index.php?rest_route=\/wp\/v2\/posts\/42237\/revisions\/42241"}],"wp:featuredmedia":[{"embeddable":true,"href":"https:\/\/contraluzcucuta.co\/index.php?rest_route=\/wp\/v2\/media\/42242"}],"wp:attachment":[{"href":"https:\/\/contraluzcucuta.co\/index.php?rest_route=%2Fwp%2Fv2%2Fmedia&parent=42237"}],"wp:term":[{"taxonomy":"category","embeddable":true,"href":"https:\/\/contraluzcucuta.co\/index.php?rest_route=%2Fwp%2Fv2%2Fcategories&post=42237"},{"taxonomy":"post_tag","embeddable":true,"href":"https:\/\/contraluzcucuta.co\/index.php?rest_route=%2Fwp%2Fv2%2Ftags&post=42237"}],"curies":[{"name":"wp","href":"https:\/\/api.w.org\/{rel}","templated":true}]}}