{"id":42117,"date":"2024-05-29T04:27:29","date_gmt":"2024-05-29T09:27:29","guid":{"rendered":"https:\/\/contraluzcucuta.co\/?p=42117"},"modified":"2024-05-29T04:27:29","modified_gmt":"2024-05-29T09:27:29","slug":"dia-de-las-madres-buena-jornada-para-los-comerciantes","status":"publish","type":"post","link":"https:\/\/contraluzcucuta.co\/?p=42117","title":{"rendered":"DIA DE LAS MADRES. Buena jornada para los comerciantes"},"content":{"rendered":"<p style=\"padding-left: 40px; text-align: right;\"><strong><span style=\"color: #ff9900;\">C\u00daCUTA.- Algunos comerciantes cucute\u00f1os no cumplieron la meta de crecimiento del 30 por ciento, propuesta por el gremio, para el D\u00eda de la Madre. Aunque, comparada con fin de semana normal se evidenci\u00f3 crecimiento en la econom\u00eda local. El reporte lo entreg\u00f3 Fenalco, en C\u00facuta.<\/span><\/strong><\/p>\n<p><strong>Grandes formatos de comercio y supermercados<\/strong><\/p>\n<p>Los empresarios que pertenecen a esta categor\u00eda, manifestaron aumento entre el 15 % y el 20%. Estas ventas no superan las registradas en la celebraci\u00f3n del 2023. Frutas y c\u00e1rnicos, los ganadores. Textiles obtuvo repunte del 20 %, aunque este sector ha decrecido desde diciembre \u00faltimo.<\/p>\n<p><strong>Restaurantes y hoteles<\/strong><\/p>\n<p>Destaca en este sector una buena jornada. Los restaurantes de los hoteles tuvieron buen desempe\u00f1o. Igual se apreci\u00f3 en restaurantes a mantel, que manifestaron que el crecimiento estuvo entre el 30 % y el 35 %. La hora de mayor concentraci\u00f3n de clientes fue entre la 1:00 y las 3:00 de la tarde. En los negocios ubicados en la Avenida Los Libertadores hubo congesti\u00f3n vehicular, y tambi\u00e9n tiempos de espera para ingresar.<\/p>\n<p>Los restaurantes de bajo costo tuvieron excelente jornada.<\/p>\n<p><strong>Centros comerciales<\/strong><\/p>\n<p>El viernes, la din\u00e1mica fue de un viernes normal. El mayor aumento de tr\u00e1fico se concentr\u00f3 el s\u00e1bado y el domingo, en 30 %.<\/p>\n","protected":false},"excerpt":{"rendered":"<p>C\u00daCUTA.- Algunos comerciantes cucute\u00f1os no cumplieron la meta de crecimiento del 30 por ciento, propuesta por el gremio, para el D\u00eda de la Madre. Aunque, comparada con fin de semana normal se evidenci\u00f3 crecimiento en la econom\u00eda local. El reporte lo entreg\u00f3 Fenalco, en C\u00facuta. Grandes formatos de comercio y supermercados Los empresarios que pertenecen &hellip;<\/p>\n","protected":false},"author":1,"featured_media":42118,"comment_status":"open","ping_status":"open","sticky":false,"template":"","format":"standard","meta":{"footnotes":""},"categories":[36],"tags":[673,1526],"class_list":["post-42117","post","type-post","status-publish","format-standard","has-post-thumbnail","hentry","category-la-voz-del-pueblo","tag-dia-de-la-madre-en-cucuta","tag-fenalco-norte-de-santander"],"_links":{"self":[{"href":"https:\/\/contraluzcucuta.co\/index.php?rest_route=\/wp\/v2\/posts\/42117","targetHints":{"allow":["GET"]}}],"collection":[{"href":"https:\/\/contraluzcucuta.co\/index.php?rest_route=\/wp\/v2\/posts"}],"about":[{"href":"https:\/\/contraluzcucuta.co\/index.php?rest_route=\/wp\/v2\/types\/post"}],"author":[{"embeddable":true,"href":"https:\/\/contraluzcucuta.co\/index.php?rest_route=\/wp\/v2\/users\/1"}],"replies":[{"embeddable":true,"href":"https:\/\/contraluzcucuta.co\/index.php?rest_route=%2Fwp%2Fv2%2Fcomments&post=42117"}],"version-history":[{"count":1,"href":"https:\/\/contraluzcucuta.co\/index.php?rest_route=\/wp\/v2\/posts\/42117\/revisions"}],"predecessor-version":[{"id":42119,"href":"https:\/\/contraluzcucuta.co\/index.php?rest_route=\/wp\/v2\/posts\/42117\/revisions\/42119"}],"wp:featuredmedia":[{"embeddable":true,"href":"https:\/\/contraluzcucuta.co\/index.php?rest_route=\/wp\/v2\/media\/42118"}],"wp:attachment":[{"href":"https:\/\/contraluzcucuta.co\/index.php?rest_route=%2Fwp%2Fv2%2Fmedia&parent=42117"}],"wp:term":[{"taxonomy":"category","embeddable":true,"href":"https:\/\/contraluzcucuta.co\/index.php?rest_route=%2Fwp%2Fv2%2Fcategories&post=42117"},{"taxonomy":"post_tag","embeddable":true,"href":"https:\/\/contraluzcucuta.co\/index.php?rest_route=%2Fwp%2Fv2%2Ftags&post=42117"}],"curies":[{"name":"wp","href":"https:\/\/api.w.org\/{rel}","templated":true}]}}