{"id":42113,"date":"2024-05-29T04:18:52","date_gmt":"2024-05-29T09:18:52","guid":{"rendered":"https:\/\/contraluzcucuta.co\/?p=42113"},"modified":"2024-05-29T04:18:52","modified_gmt":"2024-05-29T09:18:52","slug":"expo-avavit-empresarios-de-turismo-llevaran-oferta-a-caracas","status":"publish","type":"post","link":"https:\/\/contraluzcucuta.co\/?p=42113","title":{"rendered":"EXPO AVAVIT. Empresarios de turismo llevar\u00e1n oferta a Caracas"},"content":{"rendered":"<p style=\"padding-left: 40px; text-align: right;\"><strong><span style=\"color: #ff9900;\">C\u00daCUTA.- Una de las l\u00edneas estrat\u00e9gicas de trabajo, de la Secretar\u00eda de Turismo de Norte de Santander, es la participaci\u00f3n en ferias internacionales. El objetivo es dar a conocer al departamento como destino tur\u00edstico y de inversi\u00f3n.<\/span><\/strong><\/p>\n<p><a href=\"https:\/\/contraluzcucuta.co\/wp-content\/uploads\/2024\/05\/EXPO-AVAVIT-2.jpeg\"><img loading=\"lazy\" decoding=\"async\" class=\"alignnone  wp-image-42115 alignleft\" src=\"https:\/\/contraluzcucuta.co\/wp-content\/uploads\/2024\/05\/EXPO-AVAVIT-2-287x300.jpeg\" alt=\"\" width=\"243\" height=\"254\" srcset=\"https:\/\/contraluzcucuta.co\/wp-content\/uploads\/2024\/05\/EXPO-AVAVIT-2-287x300.jpeg 287w, https:\/\/contraluzcucuta.co\/wp-content\/uploads\/2024\/05\/EXPO-AVAVIT-2-600x626.jpeg 600w, https:\/\/contraluzcucuta.co\/wp-content\/uploads\/2024\/05\/EXPO-AVAVIT-2-768x802.jpeg 768w, https:\/\/contraluzcucuta.co\/wp-content\/uploads\/2024\/05\/EXPO-AVAVIT-2.jpeg 864w\" sizes=\"auto, (max-width: 243px) 100vw, 243px\" \/><\/a><\/p>\n<p>El 4 y 5 de junio, la comitiva regional compuesta por el sector p\u00fablico, los gremios y los operadores participar\u00e1 en la XXX Exposici\u00f3n Viajes y Turismo AVAVIT 2024, en Caracas.<\/p>\n<p>El secretario C\u00e9sar Ricardo Rojas dijo que habr\u00e1 buena participaci\u00f3n de los empresarios. La feria permitir\u00e1 el fortalecimiento del turismo nacional y de la estrategia Dos pa\u00edses, un destino.<\/p>\n<p>Los detalles de la oferta tur\u00edstica que ofrecer\u00e1 la comitiva regional fueron preparados entre la Secretar\u00eda, el Cl\u00faster de Turismo Norte Mi Destino (C\u00e1mara de Comercio de C\u00facuta), Cotelco Norte de Santander y C\u00e1mara de Turismo del Estado T\u00e1chira.<\/p>\n<p>Gustavo Anzola, presidente de la C\u00e1mara de Turismo del Estado T\u00e1chira, destac\u00f3 que estudiaron las debilidades y las fortalezas de la din\u00e1mica tur\u00edstica transfronteriza, para construir el producto \u201cDos pa\u00edses, un destino\u201d, que llevar\u00e1n a la capital venezolana.<\/p>\n","protected":false},"excerpt":{"rendered":"<p>C\u00daCUTA.- Una de las l\u00edneas estrat\u00e9gicas de trabajo, de la Secretar\u00eda de Turismo de Norte de Santander, es la participaci\u00f3n en ferias internacionales. El objetivo es dar a conocer al departamento como destino tur\u00edstico y de inversi\u00f3n. El 4 y 5 de junio, la comitiva regional compuesta por el sector p\u00fablico, los gremios y los &hellip;<\/p>\n","protected":false},"author":1,"featured_media":42114,"comment_status":"open","ping_status":"open","sticky":false,"template":"","format":"standard","meta":{"footnotes":""},"categories":[4,32],"tags":[6355,6356,6357],"class_list":["post-42113","post","type-post","status-publish","format-standard","has-post-thumbnail","hentry","category-barra","category-recorrido-por-la-region","tag-expo-avavit","tag-exposicion-viajes-y-turismo","tag-secretaria-de-turismo-de-norte-de-santander"],"_links":{"self":[{"href":"https:\/\/contraluzcucuta.co\/index.php?rest_route=\/wp\/v2\/posts\/42113","targetHints":{"allow":["GET"]}}],"collection":[{"href":"https:\/\/contraluzcucuta.co\/index.php?rest_route=\/wp\/v2\/posts"}],"about":[{"href":"https:\/\/contraluzcucuta.co\/index.php?rest_route=\/wp\/v2\/types\/post"}],"author":[{"embeddable":true,"href":"https:\/\/contraluzcucuta.co\/index.php?rest_route=\/wp\/v2\/users\/1"}],"replies":[{"embeddable":true,"href":"https:\/\/contraluzcucuta.co\/index.php?rest_route=%2Fwp%2Fv2%2Fcomments&post=42113"}],"version-history":[{"count":1,"href":"https:\/\/contraluzcucuta.co\/index.php?rest_route=\/wp\/v2\/posts\/42113\/revisions"}],"predecessor-version":[{"id":42116,"href":"https:\/\/contraluzcucuta.co\/index.php?rest_route=\/wp\/v2\/posts\/42113\/revisions\/42116"}],"wp:featuredmedia":[{"embeddable":true,"href":"https:\/\/contraluzcucuta.co\/index.php?rest_route=\/wp\/v2\/media\/42114"}],"wp:attachment":[{"href":"https:\/\/contraluzcucuta.co\/index.php?rest_route=%2Fwp%2Fv2%2Fmedia&parent=42113"}],"wp:term":[{"taxonomy":"category","embeddable":true,"href":"https:\/\/contraluzcucuta.co\/index.php?rest_route=%2Fwp%2Fv2%2Fcategories&post=42113"},{"taxonomy":"post_tag","embeddable":true,"href":"https:\/\/contraluzcucuta.co\/index.php?rest_route=%2Fwp%2Fv2%2Ftags&post=42113"}],"curies":[{"name":"wp","href":"https:\/\/api.w.org\/{rel}","templated":true}]}}