{"id":42109,"date":"2024-05-29T04:10:21","date_gmt":"2024-05-29T09:10:21","guid":{"rendered":"https:\/\/contraluzcucuta.co\/?p=42109"},"modified":"2024-05-29T04:10:21","modified_gmt":"2024-05-29T09:10:21","slug":"barrios-con-bienestar-la-oferta-institucional-llego-a-la-comuna-7","status":"publish","type":"post","link":"https:\/\/contraluzcucuta.co\/?p=42109","title":{"rendered":"BARRIOS CON BIENESTAR. La oferta institucional lleg\u00f3 a la Comuna 7"},"content":{"rendered":"<p style=\"padding-left: 40px; text-align: right;\"><strong><span style=\"color: #ff9900;\">C\u00daCUTA.- El programa de Oferta Social del Departamento Administrativo de Bienestar Social lleg\u00f3 al barrio La Laguna. El programa \u2018Barrios con Bienestar\u2019 vincul\u00f3 la oferta institucional de la Alcald\u00eda en la Comuna 7. Esta es la tercera jornada, en la ciudad.<\/span><\/strong><\/p>\n<p><a href=\"https:\/\/contraluzcucuta.co\/wp-content\/uploads\/2024\/05\/ALCALDIA-BARRIOS-CON-BIENESTAR-1.jpg\"><img loading=\"lazy\" decoding=\"async\" class=\"alignnone  wp-image-42111 alignleft\" src=\"https:\/\/contraluzcucuta.co\/wp-content\/uploads\/2024\/05\/ALCALDIA-BARRIOS-CON-BIENESTAR-1-300x225.jpg\" alt=\"\" width=\"245\" height=\"184\" srcset=\"https:\/\/contraluzcucuta.co\/wp-content\/uploads\/2024\/05\/ALCALDIA-BARRIOS-CON-BIENESTAR-1-300x225.jpg 300w, https:\/\/contraluzcucuta.co\/wp-content\/uploads\/2024\/05\/ALCALDIA-BARRIOS-CON-BIENESTAR-1-600x450.jpg 600w, https:\/\/contraluzcucuta.co\/wp-content\/uploads\/2024\/05\/ALCALDIA-BARRIOS-CON-BIENESTAR-1-768x576.jpg 768w, https:\/\/contraluzcucuta.co\/wp-content\/uploads\/2024\/05\/ALCALDIA-BARRIOS-CON-BIENESTAR-1.jpg 1024w\" sizes=\"auto, (max-width: 245px) 100vw, 245px\" \/><\/a><\/p>\n<p>Los programas de las secretar\u00edas de despacho llegaron a la poblaci\u00f3n que no cuenta con facilidades para desplazarse a las oficinas y recibir atenci\u00f3n. La prioridad la tienen los m\u00e1s vulnerables.<\/p>\n<ul>\n<li><strong>Sisb\u00e9n. <\/strong>Atenci\u00f3n psicosocial a la mujer<\/li>\n<li><strong>Secretar\u00eda de Equidad de G\u00e9nero.<\/strong> Renta Joven y Renta Ciudadana<\/li>\n<li><strong>Secretar\u00eda de Salud.<\/strong> Servicio de afiliaci\u00f3n al r\u00e9gimen subsidiado, quejas y reclamos a las EAPB, jornadas de vacunaci\u00f3n a caninos y felinos<\/li>\n<li>Atenci\u00f3n en la unidad m\u00f3vil<\/li>\n<\/ul>\n<p>Tambi\u00e9n asistieron Bibliorueda, IMRD, Agencia P\u00fablica de Empleo y Secretar\u00eda de Planeaci\u00f3n, Polic\u00eda y Aeron\u00e1utica Civil. La empresa de aseo particip\u00f3 con la jornada educativa de reciclaje y jornada de aseo en el sector.<\/p>\n<p>Las jornadas continuar\u00e1n en los barrios con el fin de garantizar bienestar y atenci\u00f3n a las comunidades.<\/p>\n","protected":false},"excerpt":{"rendered":"<p>C\u00daCUTA.- El programa de Oferta Social del Departamento Administrativo de Bienestar Social lleg\u00f3 al barrio La Laguna. El programa \u2018Barrios con Bienestar\u2019 vincul\u00f3 la oferta institucional de la Alcald\u00eda en la Comuna 7. Esta es la tercera jornada, en la ciudad. Los programas de las secretar\u00edas de despacho llegaron a la poblaci\u00f3n que no cuenta &hellip;<\/p>\n","protected":false},"author":1,"featured_media":42110,"comment_status":"open","ping_status":"open","sticky":false,"template":"","format":"standard","meta":{"footnotes":""},"categories":[2625,4],"tags":[2795,1624,226,6352,6353,936,323,6354],"class_list":["post-42109","post","type-post","status-publish","format-standard","has-post-thumbnail","hentry","category-alcaldia-de-cucuta","category-barra","tag-aeronautica-civil","tag-agencia-publica-de-empleo","tag-alcaldia-de-cucuta","tag-barrios-con-bienestar","tag-bibliorueda","tag-imrd","tag-mecuc","tag-secretaria-de-planeacion"],"_links":{"self":[{"href":"https:\/\/contraluzcucuta.co\/index.php?rest_route=\/wp\/v2\/posts\/42109","targetHints":{"allow":["GET"]}}],"collection":[{"href":"https:\/\/contraluzcucuta.co\/index.php?rest_route=\/wp\/v2\/posts"}],"about":[{"href":"https:\/\/contraluzcucuta.co\/index.php?rest_route=\/wp\/v2\/types\/post"}],"author":[{"embeddable":true,"href":"https:\/\/contraluzcucuta.co\/index.php?rest_route=\/wp\/v2\/users\/1"}],"replies":[{"embeddable":true,"href":"https:\/\/contraluzcucuta.co\/index.php?rest_route=%2Fwp%2Fv2%2Fcomments&post=42109"}],"version-history":[{"count":1,"href":"https:\/\/contraluzcucuta.co\/index.php?rest_route=\/wp\/v2\/posts\/42109\/revisions"}],"predecessor-version":[{"id":42112,"href":"https:\/\/contraluzcucuta.co\/index.php?rest_route=\/wp\/v2\/posts\/42109\/revisions\/42112"}],"wp:featuredmedia":[{"embeddable":true,"href":"https:\/\/contraluzcucuta.co\/index.php?rest_route=\/wp\/v2\/media\/42110"}],"wp:attachment":[{"href":"https:\/\/contraluzcucuta.co\/index.php?rest_route=%2Fwp%2Fv2%2Fmedia&parent=42109"}],"wp:term":[{"taxonomy":"category","embeddable":true,"href":"https:\/\/contraluzcucuta.co\/index.php?rest_route=%2Fwp%2Fv2%2Fcategories&post=42109"},{"taxonomy":"post_tag","embeddable":true,"href":"https:\/\/contraluzcucuta.co\/index.php?rest_route=%2Fwp%2Fv2%2Ftags&post=42109"}],"curies":[{"name":"wp","href":"https:\/\/api.w.org\/{rel}","templated":true}]}}