{"id":42105,"date":"2024-05-29T04:00:00","date_gmt":"2024-05-29T09:00:00","guid":{"rendered":"https:\/\/contraluzcucuta.co\/?p=42105"},"modified":"2024-05-29T04:00:00","modified_gmt":"2024-05-29T09:00:00","slug":"acta-de-compromiso-monumento-a-camilo-daza-se-entregaria-en-octubre","status":"publish","type":"post","link":"https:\/\/contraluzcucuta.co\/?p=42105","title":{"rendered":"ACTA DE COMPROMISO. Monumento a Camilo Daza se entregar\u00eda en octubre"},"content":{"rendered":"<p style=\"padding-left: 40px; text-align: right;\"><strong><span style=\"color: #ff9900;\">C\u00daCUTA.- Cuatro alternativas de espacio, en inmediaciones del aeropuerto de C\u00facuta, se presentaron para la ejecuci\u00f3n del monumento a Camilo Daza. La Fundaci\u00f3n El Cinco a las Cinco y Pro C\u00facuta adelantan la definici\u00f3n del terreno que ocupar\u00e1 la obra.<\/span><\/strong><\/p>\n<p><a href=\"https:\/\/contraluzcucuta.co\/wp-content\/uploads\/2024\/05\/AVION-CAMILO-DAZA-16.jpeg\"><img loading=\"lazy\" decoding=\"async\" class=\"alignnone  wp-image-42107 alignleft\" src=\"https:\/\/contraluzcucuta.co\/wp-content\/uploads\/2024\/05\/AVION-CAMILO-DAZA-16-258x300.jpeg\" alt=\"\" width=\"227\" height=\"264\" srcset=\"https:\/\/contraluzcucuta.co\/wp-content\/uploads\/2024\/05\/AVION-CAMILO-DAZA-16-258x300.jpeg 258w, https:\/\/contraluzcucuta.co\/wp-content\/uploads\/2024\/05\/AVION-CAMILO-DAZA-16-600x697.jpeg 600w, https:\/\/contraluzcucuta.co\/wp-content\/uploads\/2024\/05\/AVION-CAMILO-DAZA-16-881x1024.jpeg 881w, https:\/\/contraluzcucuta.co\/wp-content\/uploads\/2024\/05\/AVION-CAMILO-DAZA-16-768x892.jpeg 768w, https:\/\/contraluzcucuta.co\/wp-content\/uploads\/2024\/05\/AVION-CAMILO-DAZA-16-1322x1536.jpeg 1322w, https:\/\/contraluzcucuta.co\/wp-content\/uploads\/2024\/05\/AVION-CAMILO-DAZA-16.jpeg 1377w\" sizes=\"auto, (max-width: 227px) 100vw, 227px\" \/><\/a><\/p>\n<p>En reuni\u00f3n con la Aerocivil y la ANI, Patrocinio Ararat, presidente de El Cinco a las Cinco, expuso la historia del proyecto y mostr\u00f3 la maqueta del avi\u00f3n alusivo a la aeronave que pilot\u00f3 el pamplon\u00e9s Camilo Daza. La propuesta, potente e impresionante, refleja el concepto del un \u00edcono tur\u00edstico para la ciudad.<\/p>\n<p>Las alternativas analizadas son:<\/p>\n<ol>\n<li>Una franja de terreno localizada al costado este del estacionamiento.<\/li>\n<li>La glorieta actual.<\/li>\n<li>El \u00e1rea frente a la garita, al costado derecho del ingreso al aeropuerto.<\/li>\n<li>En \u00e1rea de la Aerocivil. Salida del costado izquierdo de la garita.<\/li>\n<\/ol>\n<p>En torno al mantenimiento, iluminaci\u00f3n y cuidado del monumento se dej\u00f3 para debatirse en el momento de la entrega. Se propuso la posibilidad que El Cinco a las Cinco y Pro C\u00facuta asuman las responsabilidades.<\/p>\n<p>El avi\u00f3n ser\u00e1 entregado en tres meses y en la obra civil se gastar\u00edan cuatro meses. La intenci\u00f3n es entregarlo en la celebraci\u00f3n del aniversario del aeropuerto. El aer\u00f3dromo local lleva el nombre como homenaje al pionero de la aviaci\u00f3n colombiana, Camilo Daza. Fue inaugurado el 10 de octubre de 1971.<\/p>\n","protected":false},"excerpt":{"rendered":"<p>C\u00daCUTA.- Cuatro alternativas de espacio, en inmediaciones del aeropuerto de C\u00facuta, se presentaron para la ejecuci\u00f3n del monumento a Camilo Daza. La Fundaci\u00f3n El Cinco a las Cinco y Pro C\u00facuta adelantan la definici\u00f3n del terreno que ocupar\u00e1 la obra. En reuni\u00f3n con la Aerocivil y la ANI, Patrocinio Ararat, presidente de El Cinco a &hellip;<\/p>\n","protected":false},"author":1,"featured_media":42106,"comment_status":"open","ping_status":"open","sticky":false,"template":"","format":"standard","meta":{"footnotes":""},"categories":[4,6],"tags":[189,3079,1275,6351,823,5843],"class_list":["post-42105","post","type-post","status-publish","format-standard","has-post-thumbnail","hentry","category-barra","category-ojo-avizor","tag-aeropuerto-camilo-daza","tag-camilo-daza","tag-el-cinco-a-las-cinco","tag-monumento-a-camilo-daza","tag-monumentos-de-cucuta","tag-procucuta"],"_links":{"self":[{"href":"https:\/\/contraluzcucuta.co\/index.php?rest_route=\/wp\/v2\/posts\/42105","targetHints":{"allow":["GET"]}}],"collection":[{"href":"https:\/\/contraluzcucuta.co\/index.php?rest_route=\/wp\/v2\/posts"}],"about":[{"href":"https:\/\/contraluzcucuta.co\/index.php?rest_route=\/wp\/v2\/types\/post"}],"author":[{"embeddable":true,"href":"https:\/\/contraluzcucuta.co\/index.php?rest_route=\/wp\/v2\/users\/1"}],"replies":[{"embeddable":true,"href":"https:\/\/contraluzcucuta.co\/index.php?rest_route=%2Fwp%2Fv2%2Fcomments&post=42105"}],"version-history":[{"count":1,"href":"https:\/\/contraluzcucuta.co\/index.php?rest_route=\/wp\/v2\/posts\/42105\/revisions"}],"predecessor-version":[{"id":42108,"href":"https:\/\/contraluzcucuta.co\/index.php?rest_route=\/wp\/v2\/posts\/42105\/revisions\/42108"}],"wp:featuredmedia":[{"embeddable":true,"href":"https:\/\/contraluzcucuta.co\/index.php?rest_route=\/wp\/v2\/media\/42106"}],"wp:attachment":[{"href":"https:\/\/contraluzcucuta.co\/index.php?rest_route=%2Fwp%2Fv2%2Fmedia&parent=42105"}],"wp:term":[{"taxonomy":"category","embeddable":true,"href":"https:\/\/contraluzcucuta.co\/index.php?rest_route=%2Fwp%2Fv2%2Fcategories&post=42105"},{"taxonomy":"post_tag","embeddable":true,"href":"https:\/\/contraluzcucuta.co\/index.php?rest_route=%2Fwp%2Fv2%2Ftags&post=42105"}],"curies":[{"name":"wp","href":"https:\/\/api.w.org\/{rel}","templated":true}]}}