{"id":42101,"date":"2024-05-29T03:47:39","date_gmt":"2024-05-29T08:47:39","guid":{"rendered":"https:\/\/contraluzcucuta.co\/?p=42101"},"modified":"2024-05-29T03:47:39","modified_gmt":"2024-05-29T08:47:39","slug":"mesa-tecnica-docentes-aclararon-dudas-sobre-nuevo-modelo-de-salud","status":"publish","type":"post","link":"https:\/\/contraluzcucuta.co\/?p=42101","title":{"rendered":"MESA T\u00c9CNICA. Docentes aclararon dudas sobre nuevo modelo de salud"},"content":{"rendered":"<p style=\"padding-left: 40px; text-align: right;\"><strong><span style=\"color: #ff9900;\">C\u00daCUTA.- Los maestros del departamento expusieron sus inquietudes sobre la prestaci\u00f3n de servicios de salud seg\u00fan el nuevo modelo, que inici\u00f3 el primero de mayo. Las consultas fueron resueltas, de manera virtual, por el presidente de la Fiduprevisora, Jhon Mauricio Mar\u00edn, y presencial, por Mar\u00eda Mercedes Petro, gerente nacional de Servicios de Salud del Fomag.<\/span><\/strong><\/p>\n<p><a href=\"https:\/\/contraluzcucuta.co\/wp-content\/uploads\/2024\/05\/GOBERNACION-DOCENTES-2-scaled.jpg\"><img loading=\"lazy\" decoding=\"async\" class=\"alignnone  wp-image-42103 alignleft\" src=\"https:\/\/contraluzcucuta.co\/wp-content\/uploads\/2024\/05\/GOBERNACION-DOCENTES-2-300x200.jpg\" alt=\"\" width=\"237\" height=\"158\" srcset=\"https:\/\/contraluzcucuta.co\/wp-content\/uploads\/2024\/05\/GOBERNACION-DOCENTES-2-300x200.jpg 300w, https:\/\/contraluzcucuta.co\/wp-content\/uploads\/2024\/05\/GOBERNACION-DOCENTES-2-600x400.jpg 600w, https:\/\/contraluzcucuta.co\/wp-content\/uploads\/2024\/05\/GOBERNACION-DOCENTES-2-1024x683.jpg 1024w, https:\/\/contraluzcucuta.co\/wp-content\/uploads\/2024\/05\/GOBERNACION-DOCENTES-2-768x512.jpg 768w, https:\/\/contraluzcucuta.co\/wp-content\/uploads\/2024\/05\/GOBERNACION-DOCENTES-2-1536x1024.jpg 1536w, https:\/\/contraluzcucuta.co\/wp-content\/uploads\/2024\/05\/GOBERNACION-DOCENTES-2-2048x1365.jpg 2048w, https:\/\/contraluzcucuta.co\/wp-content\/uploads\/2024\/05\/GOBERNACION-DOCENTES-2-310x205.jpg 310w\" sizes=\"auto, (max-width: 237px) 100vw, 237px\" \/><\/a><\/p>\n<p>A la mesa t\u00e9cnica, convocada por el gobernador William Villamizar, se conectaron 2000 educadores de los 39 municipios de Norte de Santander. Tambi\u00e9n, participaron voceros de los sindicatos Asinort, Sutens y Ansep; el representante de la Superintendencia de Salud, gerentes de las Empresas Sociales del Estado y de los hospitales, el representante legal de las UCI de Colombia y el gerente de la Cl\u00ednica Medico Quir\u00fargica.<\/p>\n<p>El espacio de di\u00e1logo permiti\u00f3 que los docentes aclararan las dudas sobre entrega de medicamentos, servicios de atenci\u00f3n primaria e incapacidades, afectados desde el comienzo del nuevo modelo de salud.<\/p>\n<p>Mar\u00eda Mercedes Petro dijo que se tiene el 94 % de los contratos con empresas privadas y p\u00fablicas para la atenci\u00f3n primaria en salud, y que se cuenta con la Cl\u00ednica Medico Quir\u00fargica como operador de medicina laboral.<\/p>\n<p>\u201cEn la p\u00e1gina web del Fomag podr\u00e1n encontrar un mapa de Norte de Santander, al dar click sobre el departamento se visualizar\u00e1n los canales de acceso y la red de prestadores, las IPS primarias y complementarias, de igual manera tenemos publicada la red de dispensadores de medicamentos\u201d, indic\u00f3 Mar\u00eda Petro.<\/p>\n<p><strong>ANDREA PINTO SIERRA \u2013 Prensa Gobernaci\u00f3n<\/strong><\/p>\n","protected":false},"excerpt":{"rendered":"<p>C\u00daCUTA.- Los maestros del departamento expusieron sus inquietudes sobre la prestaci\u00f3n de servicios de salud seg\u00fan el nuevo modelo, que inici\u00f3 el primero de mayo. Las consultas fueron resueltas, de manera virtual, por el presidente de la Fiduprevisora, Jhon Mauricio Mar\u00edn, y presencial, por Mar\u00eda Mercedes Petro, gerente nacional de Servicios de Salud del Fomag. &hellip;<\/p>\n","protected":false},"author":1,"featured_media":42102,"comment_status":"open","ping_status":"open","sticky":false,"template":"","format":"standard","meta":{"footnotes":""},"categories":[4,6011],"tags":[6350,1143,2671,379,6349],"class_list":["post-42101","post","type-post","status-publish","format-standard","has-post-thumbnail","hentry","category-barra","category-gobernacion-de-norte-de-santander","tag-ansep","tag-asinort","tag-docentes-de-norte-de-santander","tag-gobernacion-de-norte-de-santander","tag-sutens"],"_links":{"self":[{"href":"https:\/\/contraluzcucuta.co\/index.php?rest_route=\/wp\/v2\/posts\/42101","targetHints":{"allow":["GET"]}}],"collection":[{"href":"https:\/\/contraluzcucuta.co\/index.php?rest_route=\/wp\/v2\/posts"}],"about":[{"href":"https:\/\/contraluzcucuta.co\/index.php?rest_route=\/wp\/v2\/types\/post"}],"author":[{"embeddable":true,"href":"https:\/\/contraluzcucuta.co\/index.php?rest_route=\/wp\/v2\/users\/1"}],"replies":[{"embeddable":true,"href":"https:\/\/contraluzcucuta.co\/index.php?rest_route=%2Fwp%2Fv2%2Fcomments&post=42101"}],"version-history":[{"count":1,"href":"https:\/\/contraluzcucuta.co\/index.php?rest_route=\/wp\/v2\/posts\/42101\/revisions"}],"predecessor-version":[{"id":42104,"href":"https:\/\/contraluzcucuta.co\/index.php?rest_route=\/wp\/v2\/posts\/42101\/revisions\/42104"}],"wp:featuredmedia":[{"embeddable":true,"href":"https:\/\/contraluzcucuta.co\/index.php?rest_route=\/wp\/v2\/media\/42102"}],"wp:attachment":[{"href":"https:\/\/contraluzcucuta.co\/index.php?rest_route=%2Fwp%2Fv2%2Fmedia&parent=42101"}],"wp:term":[{"taxonomy":"category","embeddable":true,"href":"https:\/\/contraluzcucuta.co\/index.php?rest_route=%2Fwp%2Fv2%2Fcategories&post=42101"},{"taxonomy":"post_tag","embeddable":true,"href":"https:\/\/contraluzcucuta.co\/index.php?rest_route=%2Fwp%2Fv2%2Ftags&post=42101"}],"curies":[{"name":"wp","href":"https:\/\/api.w.org\/{rel}","templated":true}]}}