{"id":42090,"date":"2024-05-28T05:57:23","date_gmt":"2024-05-28T10:57:23","guid":{"rendered":"https:\/\/contraluzcucuta.co\/?p=42090"},"modified":"2024-05-28T05:59:22","modified_gmt":"2024-05-28T10:59:22","slug":"fenalco-propone-generar-un-frente-comun-para-combatir-la-criminalidad","status":"publish","type":"post","link":"https:\/\/contraluzcucuta.co\/?p=42090","title":{"rendered":"FENALCO PROPONE. Generar un frente com\u00fan para combatir la criminalidad"},"content":{"rendered":"<p style=\"padding-left: 40px; text-align: right;\"><strong><span style=\"color: #ff9900;\">C\u00daCUTA.- Generar un frente com\u00fan para combatir la criminalidad es la propuesta de Fenalco Norte de Santander, ante los \u00faltimos hechos ocurridos en la capital de departamento. La campa\u00f1a de seguridad se implementar\u00eda en compa\u00f1\u00eda de la Fiscal\u00eda Seccional Norte de Santander y la Polic\u00eda.<\/span><\/strong><\/p>\n<p>Entre las estrategias planteadas por la Federaci\u00f3n de Comerciantes destacan:<\/p>\n<ul>\n<li>Ubicar, en lo posible, c\u00e1maras de seguridad con \u00e1ngulo focal hacia las zonas externas (v\u00eda p\u00fablica). El fin es que sean utilizadas como prueba documental para coadyuvar en la identificaci\u00f3n de hechos que pueden constituirse en delitos e identificar posibles autores.<\/li>\n<li>Se sugiere que los establecimientos comerciales contribuyan en los procesos investigativos.<\/li>\n<li>Que Fenalco Nacional impulse dos estrategias que la Seccional prepara para que sea el gremio el que las promueva y convierta en proyectos de ley.<\/li>\n<\/ul>\n<p>Fenalco trabaja con los agremiados de las distintas actividades econ\u00f3micas con el fin de llevar a cabo acciones preventivas que permitan mitigar el riesgo de la comisi\u00f3n de hechos delicuenciales en los establecimientos de comercio. Lo anterior busca contribuir de manera efectiva con controles de seguridad y judicializaci\u00f3n de los responsables.<\/p>\n<p>\u201cEs muy importante resaltar, tambi\u00e9n, que cuando se aportan dichos registros por parte de un comerciante ser\u00e1 la polic\u00eda judicial la que se encargue del procesamiento, conservaci\u00f3n y custodia, e incorporaci\u00f3n al proceso penal no siendo necesario efectuar entrevista o dato alguno m\u00e1s all\u00e1 del aporte del video\u201d, explic\u00f3 Fenalco en el comunicado divulgado en las \u00faltimas horas.<\/p>\n<p>De esta manera, agreg\u00f3 la Federaci\u00f3n, no genera temor el aporte a la investigaci\u00f3n, sino que ir\u00e1 cerr\u00e1ndose, poco a poco, el riesgo de alteraci\u00f3n del orden p\u00fablico en la ciudad.<\/p>\n<p>\u201cFenalco contin\u00faa trabajando de la mano de los empresarios para lograr que entre m\u00e1s informaci\u00f3n se tenga de lo que pueda estar pasando en la ciudad, m\u00e1s acciones preventivas se generen, con el fin de mitigar el riesgo en el comercio, principal motor econ\u00f3mico de la regi\u00f3n\u201d, concluy\u00f3 el documento de los comerciantes.<\/p>\n","protected":false},"excerpt":{"rendered":"<p>C\u00daCUTA.- Generar un frente com\u00fan para combatir la criminalidad es la propuesta de Fenalco Norte de Santander, ante los \u00faltimos hechos ocurridos en la capital de departamento. La campa\u00f1a de seguridad se implementar\u00eda en compa\u00f1\u00eda de la Fiscal\u00eda Seccional Norte de Santander y la Polic\u00eda. Entre las estrategias planteadas por la Federaci\u00f3n de Comerciantes destacan: &hellip;<\/p>\n","protected":false},"author":1,"featured_media":42091,"comment_status":"open","ping_status":"open","sticky":false,"template":"","format":"standard","meta":{"footnotes":""},"categories":[11,4],"tags":[5977,1526,4052],"class_list":["post-42090","post","type-post","status-publish","format-standard","has-post-thumbnail","hentry","category-cronica-roja","category-barra","tag-delincuencia-en-cucuta","tag-fenalco-norte-de-santander","tag-frente-comun"],"_links":{"self":[{"href":"https:\/\/contraluzcucuta.co\/index.php?rest_route=\/wp\/v2\/posts\/42090","targetHints":{"allow":["GET"]}}],"collection":[{"href":"https:\/\/contraluzcucuta.co\/index.php?rest_route=\/wp\/v2\/posts"}],"about":[{"href":"https:\/\/contraluzcucuta.co\/index.php?rest_route=\/wp\/v2\/types\/post"}],"author":[{"embeddable":true,"href":"https:\/\/contraluzcucuta.co\/index.php?rest_route=\/wp\/v2\/users\/1"}],"replies":[{"embeddable":true,"href":"https:\/\/contraluzcucuta.co\/index.php?rest_route=%2Fwp%2Fv2%2Fcomments&post=42090"}],"version-history":[{"count":1,"href":"https:\/\/contraluzcucuta.co\/index.php?rest_route=\/wp\/v2\/posts\/42090\/revisions"}],"predecessor-version":[{"id":42092,"href":"https:\/\/contraluzcucuta.co\/index.php?rest_route=\/wp\/v2\/posts\/42090\/revisions\/42092"}],"wp:featuredmedia":[{"embeddable":true,"href":"https:\/\/contraluzcucuta.co\/index.php?rest_route=\/wp\/v2\/media\/42091"}],"wp:attachment":[{"href":"https:\/\/contraluzcucuta.co\/index.php?rest_route=%2Fwp%2Fv2%2Fmedia&parent=42090"}],"wp:term":[{"taxonomy":"category","embeddable":true,"href":"https:\/\/contraluzcucuta.co\/index.php?rest_route=%2Fwp%2Fv2%2Fcategories&post=42090"},{"taxonomy":"post_tag","embeddable":true,"href":"https:\/\/contraluzcucuta.co\/index.php?rest_route=%2Fwp%2Fv2%2Ftags&post=42090"}],"curies":[{"name":"wp","href":"https:\/\/api.w.org\/{rel}","templated":true}]}}