{"id":42030,"date":"2024-05-23T21:43:41","date_gmt":"2024-05-24T02:43:41","guid":{"rendered":"https:\/\/contraluzcucuta.co\/?p=42030"},"modified":"2024-05-23T21:48:48","modified_gmt":"2024-05-24T02:48:48","slug":"libera-colombia-el-trabajo-manual-los-ayuda-a-cambiar-la-vida-patricia-ovalles","status":"publish","type":"post","link":"https:\/\/contraluzcucuta.co\/?p=42030","title":{"rendered":"LIBERA COLOMBIA. El trabajo manual los ayuda a cambiar la vida, Patricia Ovalles"},"content":{"rendered":"<p style=\"padding-left: 40px; text-align: right;\"><strong><span style=\"color: #ff9900;\">C\u00daCUTA.- Adentro, en el Centro Penitenciario y Carcelario de C\u00facuta, hombres y mujeres se preocupan por aprender un oficio. Trabajan en manualidades. Afuera, en la calle, pocos conocen los productos que tallan, pintan o cosen. Faltan recursos para acondicionar un espacio y exhibir esa mercanc\u00eda que bien podr\u00eda comercializarse a precios justos.<\/span><\/strong><\/p>\n<p><a href=\"https:\/\/contraluzcucuta.co\/wp-content\/uploads\/2024\/05\/LIBERA-9.jpeg\"><img loading=\"lazy\" decoding=\"async\" class=\"alignnone  wp-image-42034 alignleft\" src=\"https:\/\/contraluzcucuta.co\/wp-content\/uploads\/2024\/05\/LIBERA-9-300x225.jpeg\" alt=\"\" width=\"249\" height=\"187\" srcset=\"https:\/\/contraluzcucuta.co\/wp-content\/uploads\/2024\/05\/LIBERA-9-300x225.jpeg 300w, https:\/\/contraluzcucuta.co\/wp-content\/uploads\/2024\/05\/LIBERA-9-600x450.jpeg 600w, https:\/\/contraluzcucuta.co\/wp-content\/uploads\/2024\/05\/LIBERA-9-1024x768.jpeg 1024w, https:\/\/contraluzcucuta.co\/wp-content\/uploads\/2024\/05\/LIBERA-9-768x576.jpeg 768w, https:\/\/contraluzcucuta.co\/wp-content\/uploads\/2024\/05\/LIBERA-9-1536x1152.jpeg 1536w, https:\/\/contraluzcucuta.co\/wp-content\/uploads\/2024\/05\/LIBERA-9.jpeg 1600w\" sizes=\"auto, (max-width: 249px) 100vw, 249px\" \/><\/a><\/p>\n<p>Libera Colombia es el programa que ofrece el Inpec a los privados de la libertad para que tengan la oportunidad de trabajar mientras permanecen internos. Los incentiva a aprovechar el tiempo libre, a desarrollar habilidades manuales, a ocupar la mente en pensamientos sanos y a pensar en la familia que los espera en el exterior.<\/p>\n<p>Este jueves, se llev\u00f3 a cabo la primera feria del a\u00f1o para exhibir las artesan\u00edas en madera. Casas, alcanc\u00edas, portallaves, carros, utensilios para poner los huevos, animales, cajones y l\u00e1mparas estuvieron a la orden de los visitantes. Al otro lado, mu\u00f1ecos, peluches, vestidos, cojines, confecciones y bisuter\u00eda. Pegados a las paredes est\u00e1n los cuadros pintados al \u00f3leo o en otras t\u00e9cnicas.<\/p>\n<p>El Inpec les proporciona la venta. La idea es llegar al resto del pa\u00eds o al extranjero. Patricia Ovalles est\u00e1 al frente de Libera Colombia y al pensar en esta posibilidad tropieza con un obst\u00e1culo.<\/p>\n<ul>\n<li><em>No contamos con un espacio externo del Inpec. En la calle no nos ven. No hay un local para hacernos visibles y que quienes transitan por las inmediaciones del centro carcelario puedan observar las artesan\u00edas. Las ventas ser\u00edan excelentes.<\/em><\/li>\n<\/ul>\n<p><a href=\"https:\/\/contraluzcucuta.co\/wp-content\/uploads\/2024\/05\/LIBERA-1A.jpg\"><img loading=\"lazy\" decoding=\"async\" class=\"alignnone  wp-image-42035 alignleft\" src=\"https:\/\/contraluzcucuta.co\/wp-content\/uploads\/2024\/05\/LIBERA-1A-214x300.jpg\" alt=\"\" width=\"202\" height=\"283\" srcset=\"https:\/\/contraluzcucuta.co\/wp-content\/uploads\/2024\/05\/LIBERA-1A-214x300.jpg 214w, https:\/\/contraluzcucuta.co\/wp-content\/uploads\/2024\/05\/LIBERA-1A.jpg 532w\" sizes=\"auto, (max-width: 202px) 100vw, 202px\" \/><\/a><\/p>\n<p>A pesar de ese muro, reportan buenas ventas en los establecimientos que tienen en diferentes ciudades del pa\u00eds. El lamento es por la falta de patrocinadores que aporten recursos para la compra de la materia prima y no detener la producci\u00f3n y la comercializaci\u00f3n, lo que afectar\u00eda la situaci\u00f3n econ\u00f3mica.<\/p>\n<p>Patricia ve la necesidad de contar con gente que haga aportes econ\u00f3micos para inyectarle al negocio, lo que ser\u00eda de gran ayuda para los privados de la libertad y sus familias, porque est\u00e1n limitados para llevar el sustento a casa.<\/p>\n<ul>\n<li><em>El dinero de las ventas se les consigna, lo maneja la parte financiera del Inpec.<\/em><\/li>\n<\/ul>\n<p>En los talleres, profesores del Sena los capacitan, pero no requieren solo de conocimientos, necesitan dinero para conformar microempresas o micronegocios y producir a otra escala. Las ventas de la mercanc\u00eda se llevan a cabo por medio de los familiares y del punto de Libera Colombia. Falta m\u00e1s acogida para que exporten los productos y obtengan mayores ganancias y generar empresa y empleo.<\/p>\n<p>La Feria es organizada tres veces al a\u00f1o. En septiembre se tiene prevista la exposici\u00f3n en Unicentro. La ilusi\u00f3n es que la Alcald\u00eda patrocine un puesto permanente en el aeropuerto Camilo Daza para ofrecer las artesan\u00edas a pasajeros y visitantes. Otro sue\u00f1o, es que los centros comerciales les abran un espacio para las exposiciones.<\/p>\n<ul>\n<li><em>Este trabajo los ayuda a cambiar la vida, a proyectar c\u00f3mo sacar la familia adelante, a ocupar la mente y a cumplir horarios con exigencia y disciplina. Tienen expectativas de superaci\u00f3n y de levantarse todos los d\u00edas con el pensamiento puesto en el emprendimiento para salir adelante.<\/em><\/li>\n<\/ul>\n<p>RAFAEL ANTONIO PAB\u00d3N<\/p>\n<p><a href=\"mailto:rafaelpabon58@hotmail.com\">rafaelpabon58@hotmail.com<\/a><\/p>\n","protected":false},"excerpt":{"rendered":"<p>C\u00daCUTA.- Adentro, en el Centro Penitenciario y Carcelario de C\u00facuta, hombres y mujeres se preocupan por aprender un oficio. Trabajan en manualidades. Afuera, en la calle, pocos conocen los productos que tallan, pintan o cosen. Faltan recursos para acondicionar un espacio y exhibir esa mercanc\u00eda que bien podr\u00eda comercializarse a precios justos. Libera Colombia es &hellip;<\/p>\n","protected":false},"author":1,"featured_media":42032,"comment_status":"open","ping_status":"open","sticky":false,"template":"","format":"standard","meta":{"footnotes":""},"categories":[45,4],"tags":[2637,2620,6331],"class_list":["post-42030","post","type-post","status-publish","format-standard","has-post-thumbnail","hentry","category-destacado","category-barra","tag-centro-penitenciario-y-carcelario-de-cucuta","tag-inpec-cucuta","tag-libera-colombia"],"_links":{"self":[{"href":"https:\/\/contraluzcucuta.co\/index.php?rest_route=\/wp\/v2\/posts\/42030","targetHints":{"allow":["GET"]}}],"collection":[{"href":"https:\/\/contraluzcucuta.co\/index.php?rest_route=\/wp\/v2\/posts"}],"about":[{"href":"https:\/\/contraluzcucuta.co\/index.php?rest_route=\/wp\/v2\/types\/post"}],"author":[{"embeddable":true,"href":"https:\/\/contraluzcucuta.co\/index.php?rest_route=\/wp\/v2\/users\/1"}],"replies":[{"embeddable":true,"href":"https:\/\/contraluzcucuta.co\/index.php?rest_route=%2Fwp%2Fv2%2Fcomments&post=42030"}],"version-history":[{"count":3,"href":"https:\/\/contraluzcucuta.co\/index.php?rest_route=\/wp\/v2\/posts\/42030\/revisions"}],"predecessor-version":[{"id":42036,"href":"https:\/\/contraluzcucuta.co\/index.php?rest_route=\/wp\/v2\/posts\/42030\/revisions\/42036"}],"wp:featuredmedia":[{"embeddable":true,"href":"https:\/\/contraluzcucuta.co\/index.php?rest_route=\/wp\/v2\/media\/42032"}],"wp:attachment":[{"href":"https:\/\/contraluzcucuta.co\/index.php?rest_route=%2Fwp%2Fv2%2Fmedia&parent=42030"}],"wp:term":[{"taxonomy":"category","embeddable":true,"href":"https:\/\/contraluzcucuta.co\/index.php?rest_route=%2Fwp%2Fv2%2Fcategories&post=42030"},{"taxonomy":"post_tag","embeddable":true,"href":"https:\/\/contraluzcucuta.co\/index.php?rest_route=%2Fwp%2Fv2%2Ftags&post=42030"}],"curies":[{"name":"wp","href":"https:\/\/api.w.org\/{rel}","templated":true}]}}