{"id":42026,"date":"2024-05-23T04:10:51","date_gmt":"2024-05-23T09:10:51","guid":{"rendered":"https:\/\/contraluzcucuta.co\/?p=42026"},"modified":"2024-05-23T04:10:51","modified_gmt":"2024-05-23T09:10:51","slug":"malla-vial-de-cucuta-tres-proyectos-priorizados-en-el-plan-de-mantenimiento","status":"publish","type":"post","link":"https:\/\/contraluzcucuta.co\/?p=42026","title":{"rendered":"MALLA VIAL DE C\u00daCUTA. Tres proyectos priorizados en el plan de mantenimiento"},"content":{"rendered":"<p style=\"padding-left: 40px; text-align: right;\"><strong><span style=\"color: #ff9900;\">C\u00daCUTA.- Cien kil\u00f3metros de malla cucute\u00f1a ser\u00e1n recuperados por la Alcald\u00eda con recursos del cr\u00e9dito y otras fuentes de financiaci\u00f3n. Las obras est\u00e1n consideradas como necesarias para garantizar la movilidad, debido al mal estado que presentan.<\/span><\/strong><\/p>\n<p><a href=\"https:\/\/contraluzcucuta.co\/wp-content\/uploads\/2024\/05\/ALCALDIA-VIAS-6.jpeg\"><img loading=\"lazy\" decoding=\"async\" class=\"alignnone  wp-image-42028 alignleft\" src=\"https:\/\/contraluzcucuta.co\/wp-content\/uploads\/2024\/05\/ALCALDIA-VIAS-6-300x225.jpeg\" alt=\"\" width=\"253\" height=\"190\" srcset=\"https:\/\/contraluzcucuta.co\/wp-content\/uploads\/2024\/05\/ALCALDIA-VIAS-6-300x225.jpeg 300w, https:\/\/contraluzcucuta.co\/wp-content\/uploads\/2024\/05\/ALCALDIA-VIAS-6-600x450.jpeg 600w, https:\/\/contraluzcucuta.co\/wp-content\/uploads\/2024\/05\/ALCALDIA-VIAS-6-1024x768.jpeg 1024w, https:\/\/contraluzcucuta.co\/wp-content\/uploads\/2024\/05\/ALCALDIA-VIAS-6-768x576.jpeg 768w, https:\/\/contraluzcucuta.co\/wp-content\/uploads\/2024\/05\/ALCALDIA-VIAS-6-1536x1152.jpeg 1536w, https:\/\/contraluzcucuta.co\/wp-content\/uploads\/2024\/05\/ALCALDIA-VIAS-6.jpeg 1600w\" sizes=\"auto, (max-width: 253px) 100vw, 253px\" \/><\/a><\/p>\n<p>El alcalde Jorge Acevedo enumer\u00f3 los puntos que ser\u00e1n intervenidos:<\/p>\n<ul>\n<li>Glorieta de Pinar del R\u00edo. Se construir\u00e1 un intercambiador vial para garantizar la circulaci\u00f3n vial, sobre todo, en las horas pico. En promedio se estima que la inversi\u00f3n ser\u00e1 de $ 31.000 millones.<\/li>\n<li>Entre el barrio Aeropuerto y Unicentro. Se modernizar\u00e1 la entrada a la ciudad. La obra tendr\u00e1 caracter\u00edsticas similares a la Avenida Gran Colombia. Permitir\u00e1 que los visitantes observen una imagen bonita que ser\u00e1 motivo de orgullo de los cucute\u00f1os.<\/li>\n<li>Intercambiador en la Silla Coja. Evitar\u00e1 la congesti\u00f3n vial desde la Glorieta de Los Panches hasta la avenida Libertadores, a la altura del restaurante El Balc\u00f3n Paisa, y desde la Silla Coja hasta la Bas\u00edlica del barrio San Luis.<\/li>\n<\/ul>\n<p>\u201cNos vamos a fortalecer con recursos de diferentes fuentes. La ciudad se beneficiar\u00e1 de las utilidades que genera el agua. El compromiso con C\u00facuta es permanente\u201d, indic\u00f3 Jorge Acevedo.<\/p>\n","protected":false},"excerpt":{"rendered":"<p>C\u00daCUTA.- Cien kil\u00f3metros de malla cucute\u00f1a ser\u00e1n recuperados por la Alcald\u00eda con recursos del cr\u00e9dito y otras fuentes de financiaci\u00f3n. Las obras est\u00e1n consideradas como necesarias para garantizar la movilidad, debido al mal estado que presentan. El alcalde Jorge Acevedo enumer\u00f3 los puntos que ser\u00e1n intervenidos: Glorieta de Pinar del R\u00edo. Se construir\u00e1 un intercambiador &hellip;<\/p>\n","protected":false},"author":1,"featured_media":42027,"comment_status":"open","ping_status":"open","sticky":false,"template":"","format":"standard","meta":{"footnotes":""},"categories":[2625,4],"tags":[226,6329,6330,6328],"class_list":["post-42026","post","type-post","status-publish","format-standard","has-post-thumbnail","hentry","category-alcaldia-de-cucuta","category-barra","tag-alcaldia-de-cucuta","tag-glorieta-de-pinar-del-rio","tag-la-silla-coja","tag-malla-vial-de-cucuta"],"_links":{"self":[{"href":"https:\/\/contraluzcucuta.co\/index.php?rest_route=\/wp\/v2\/posts\/42026","targetHints":{"allow":["GET"]}}],"collection":[{"href":"https:\/\/contraluzcucuta.co\/index.php?rest_route=\/wp\/v2\/posts"}],"about":[{"href":"https:\/\/contraluzcucuta.co\/index.php?rest_route=\/wp\/v2\/types\/post"}],"author":[{"embeddable":true,"href":"https:\/\/contraluzcucuta.co\/index.php?rest_route=\/wp\/v2\/users\/1"}],"replies":[{"embeddable":true,"href":"https:\/\/contraluzcucuta.co\/index.php?rest_route=%2Fwp%2Fv2%2Fcomments&post=42026"}],"version-history":[{"count":1,"href":"https:\/\/contraluzcucuta.co\/index.php?rest_route=\/wp\/v2\/posts\/42026\/revisions"}],"predecessor-version":[{"id":42029,"href":"https:\/\/contraluzcucuta.co\/index.php?rest_route=\/wp\/v2\/posts\/42026\/revisions\/42029"}],"wp:featuredmedia":[{"embeddable":true,"href":"https:\/\/contraluzcucuta.co\/index.php?rest_route=\/wp\/v2\/media\/42027"}],"wp:attachment":[{"href":"https:\/\/contraluzcucuta.co\/index.php?rest_route=%2Fwp%2Fv2%2Fmedia&parent=42026"}],"wp:term":[{"taxonomy":"category","embeddable":true,"href":"https:\/\/contraluzcucuta.co\/index.php?rest_route=%2Fwp%2Fv2%2Fcategories&post=42026"},{"taxonomy":"post_tag","embeddable":true,"href":"https:\/\/contraluzcucuta.co\/index.php?rest_route=%2Fwp%2Fv2%2Ftags&post=42026"}],"curies":[{"name":"wp","href":"https:\/\/api.w.org\/{rel}","templated":true}]}}