{"id":42008,"date":"2024-05-22T20:43:28","date_gmt":"2024-05-23T01:43:28","guid":{"rendered":"https:\/\/contraluzcucuta.co\/?p=42008"},"modified":"2024-05-22T20:43:28","modified_gmt":"2024-05-23T01:43:28","slug":"conversatorio-en-este-momento-si-correria-por-europa-lucho-herrera","status":"publish","type":"post","link":"https:\/\/contraluzcucuta.co\/?p=42008","title":{"rendered":"CONVERSATORIO. En este momento s\u00ed correr\u00eda por Europa, Lucho Herrera"},"content":{"rendered":"<p style=\"padding-left: 40px; text-align: right;\"><strong><span style=\"color: #ff9900;\">C\u00daCUTA.- El deporte, en cualquiera de sus disciplinas, da lecciones para la vida. Esos recuerdos quedan en el cerebro y nunca m\u00e1s se borran, hasta el punto de contarlos, a\u00f1os despu\u00e9s, con la nitidez del momento vivido. El ciclismo, en ocasiones, pareciera haber sido inventado por intr\u00e9pidos hombres que no le temen al peligro.<\/span><\/strong><\/p>\n<p><a href=\"https:\/\/contraluzcucuta.co\/wp-content\/uploads\/2024\/05\/LUCHO-HERRERA-3.jpeg\"><img loading=\"lazy\" decoding=\"async\" class=\"alignnone  wp-image-42010 alignleft\" src=\"https:\/\/contraluzcucuta.co\/wp-content\/uploads\/2024\/05\/LUCHO-HERRERA-3-225x300.jpeg\" alt=\"\" width=\"210\" height=\"280\" srcset=\"https:\/\/contraluzcucuta.co\/wp-content\/uploads\/2024\/05\/LUCHO-HERRERA-3-225x300.jpeg 225w, https:\/\/contraluzcucuta.co\/wp-content\/uploads\/2024\/05\/LUCHO-HERRERA-3-600x800.jpeg 600w, https:\/\/contraluzcucuta.co\/wp-content\/uploads\/2024\/05\/LUCHO-HERRERA-3-768x1024.jpeg 768w, https:\/\/contraluzcucuta.co\/wp-content\/uploads\/2024\/05\/LUCHO-HERRERA-3-1152x1536.jpeg 1152w, https:\/\/contraluzcucuta.co\/wp-content\/uploads\/2024\/05\/LUCHO-HERRERA-3.jpeg 1200w\" sizes=\"auto, (max-width: 210px) 100vw, 210px\" \/><\/a><\/p>\n<p>Los colombianos aficionados al ciclismo a\u00fan palpitan con la imagen de Luis Alberto Herrera (Fusagusag\u00e1 &#8211; 4 de mayo de 1961), en la que se lo ve con el rostro chorreado de sangre. Tour de Francia de 1985, etapa 14, s\u00e1bado 13 de julio. Verlo ahora sentado en frente, tranquilo, sin el af\u00e1n del ma\u00f1ana, es otro cuento.<\/p>\n<p>Sereno para hablar, como en los tiempos que montaba en el caballito de acero, narr\u00f3 la historia de la primera ca\u00edda desde la bicicleta, la que le quit\u00f3 los nervios y la que le sirvi\u00f3 de experiencia para el resto de la vida. La primera bicicleta se la regal\u00f3 la madre.<\/p>\n<ul>\n<li><em>Cuando estaba peque\u00f1o llegu\u00e9 de la escuela y cog\u00ed la bicicleta para dar una vueltica. Resulta que eso era como en bajada. Cuando pas\u00e9 frente a la casa fui a frenar y no ten\u00eda frenos. Cog\u00ed la primera curva y en la otra, la bicicleta me sac\u00f3 y me bot\u00f3 como si hubiera ido en un caballo. <\/em><\/li>\n<\/ul>\n<p>El incidente, contado de esa manera, solo lleva a imaginar ese instante de susto para el peque\u00f1o. Afortunadamente, no pas\u00f3 nada, porque si no el mundo se hubiera privado de ver al escarabajo colombiano c\u00f3mo devoraba los kil\u00f3metros para coronar la cima.<\/p>\n<p>Lucho vino a C\u00facuta el \u00faltimo fin de semana, como invitado a la Feria de los Campeones. Comparti\u00f3 tarima con \u00c1lvaro Lozano, legendario pedalista nortesantandereanos y tambi\u00e9n conocedor del esfuerzo que se hace sobre la bicicleta para llegar a la meta a pesar del clima y de las incomodidades de la carrera.<\/p>\n<p><a href=\"https:\/\/contraluzcucuta.co\/wp-content\/uploads\/2024\/05\/LUCHO-HERRERA-6.jpeg\"><img loading=\"lazy\" decoding=\"async\" class=\"alignnone  wp-image-42011 alignleft\" src=\"https:\/\/contraluzcucuta.co\/wp-content\/uploads\/2024\/05\/LUCHO-HERRERA-6-300x225.jpeg\" alt=\"\" width=\"247\" height=\"185\" srcset=\"https:\/\/contraluzcucuta.co\/wp-content\/uploads\/2024\/05\/LUCHO-HERRERA-6-300x225.jpeg 300w, https:\/\/contraluzcucuta.co\/wp-content\/uploads\/2024\/05\/LUCHO-HERRERA-6-600x450.jpeg 600w, https:\/\/contraluzcucuta.co\/wp-content\/uploads\/2024\/05\/LUCHO-HERRERA-6-1024x768.jpeg 1024w, https:\/\/contraluzcucuta.co\/wp-content\/uploads\/2024\/05\/LUCHO-HERRERA-6-768x576.jpeg 768w, https:\/\/contraluzcucuta.co\/wp-content\/uploads\/2024\/05\/LUCHO-HERRERA-6-1536x1152.jpeg 1536w, https:\/\/contraluzcucuta.co\/wp-content\/uploads\/2024\/05\/LUCHO-HERRERA-6.jpeg 1600w\" sizes=\"auto, (max-width: 247px) 100vw, 247px\" \/><\/a><\/p>\n<p>Del lote de colombianos destac\u00f3 a Patrocinio Jim\u00e9nez, Pablo Wilches, Fabio Parra, Manuel Ignacio Guti\u00e9rrez, Argemiro Boh\u00f3rquez. Hizo memoria y resumi\u00f3 para no caer en olvidos involuntarios. Era un grupo grande.<\/p>\n<p>Los recuerdos invitan a la nostalgia al ver c\u00f3mo han transcurrido los a\u00f1os. El recuento de historias y an\u00e9cdotas contin\u00faa.<\/p>\n<ul>\n<li><em>La experiencia de Lagos de Covadonga (Vuelta a Espa\u00f1a 1986), fue muy buena. Ese a\u00f1o, me acuerdo, el equipo Caf\u00e9 de Colombia me convenci\u00f3 de ir a la Vuelta a Espa\u00f1a. No quer\u00eda, porque en 1985 no me fue bien. Me dijeron, usted no va a ganar, no va a hacer nada, se va es a preparar para el Tour de Francia y va a rodar. \u2018Bueno, si es as\u00ed voy\u2019.<\/em><\/li>\n<\/ul>\n<p>El liderazgo del equipo recay\u00f3 en Mart\u00edn Ram\u00edrez. El d\u00eda anterior a la etapa mir\u00f3 la clasificaci\u00f3n y pens\u00f3 que pod\u00eda ganar. Ten\u00eda sensaciones positivas y se sent\u00eda bien, en forma. No coment\u00f3 con nadie esa intenci\u00f3n. En carretera todo le fue favorable.<\/p>\n<p><a href=\"https:\/\/contraluzcucuta.co\/wp-content\/uploads\/2024\/05\/LUCHO-HERRERA-7A.jpg\"><img loading=\"lazy\" decoding=\"async\" class=\"alignnone  wp-image-42013 alignleft\" src=\"https:\/\/contraluzcucuta.co\/wp-content\/uploads\/2024\/05\/LUCHO-HERRERA-7A-255x300.jpg\" alt=\"\" width=\"224\" height=\"264\" srcset=\"https:\/\/contraluzcucuta.co\/wp-content\/uploads\/2024\/05\/LUCHO-HERRERA-7A-255x300.jpg 255w, https:\/\/contraluzcucuta.co\/wp-content\/uploads\/2024\/05\/LUCHO-HERRERA-7A-600x706.jpg 600w, https:\/\/contraluzcucuta.co\/wp-content\/uploads\/2024\/05\/LUCHO-HERRERA-7A.jpg 710w\" sizes=\"auto, (max-width: 224px) 100vw, 224px\" \/><\/a><\/p>\n<p>Luego de partir del grupo, tras el esfuerzo de Boh\u00f3rquez, los espa\u00f1oles le advirtieron que era el l\u00edder de la carrera. A partir de entonces cambi\u00f3 de mentalidad, se puso la camiseta del mejor y no la solt\u00f3 m\u00e1s. Primer colombiano en ganar una de las tres grandes del calendario mundial.<\/p>\n<p>En el pelot\u00f3n colombiano lo respetaban. \u00c1lvaro Lozano record\u00f3 que en la Vuelta a Colombia entre los rivales pasaban la voz y dec\u00edan \u2018no lo toreen, d\u00e9jenlo quieto\u2019. Y ten\u00edan raz\u00f3n. Cuando quiso parti\u00f3 del lote y los dem\u00e1s llegaron a la meta cinco minutos despu\u00e9s. En Europa hab\u00eda comprobado que era el mejor escalador del mundo y aqu\u00ed solo lo refrend\u00f3 a pedalazos.<\/p>\n<p>Al retirarse las carreras las amistades quedan en el pavimento. Se pierden los contactos con los amigos conseguidos en todos esos pa\u00edses por los que pas\u00f3 y donde mostr\u00f3 el tricolor.<\/p>\n<ul>\n<li><em>Laurent Fignon (1960 \u2013 2010) no era una persona de confiar en el grupo. Pod\u00eda ver cualquier falla y atacaba. A veces lo hac\u00eda en las zonas de alimentaci\u00f3n. Aprovechaba que medio hab\u00eda viento y atacaba. Armaba desorden.<\/em><\/li>\n<\/ul>\n<p>Alcanz\u00f3 a correr siete veces el Tour de Francia (1984, 1985, 1986, 1987, 1988, 1989, 1991), al que califica como la carrera m\u00e1s dura por etapas. Los ciclistas llegan al ciento por ciento del estado f\u00edsico y con aspiraciones de ganar. Se va duro en el plano, en las llegadas de etapa, en la monta\u00f1a. En todo momento es fuerte.<\/p>\n<p><a href=\"https:\/\/contraluzcucuta.co\/wp-content\/uploads\/2024\/05\/LUCHO-HERRERA-1.jpeg\"><img loading=\"lazy\" decoding=\"async\" class=\"alignnone  wp-image-42014 alignleft\" src=\"https:\/\/contraluzcucuta.co\/wp-content\/uploads\/2024\/05\/LUCHO-HERRERA-1-225x300.jpeg\" alt=\"\" width=\"211\" height=\"281\" srcset=\"https:\/\/contraluzcucuta.co\/wp-content\/uploads\/2024\/05\/LUCHO-HERRERA-1-225x300.jpeg 225w, https:\/\/contraluzcucuta.co\/wp-content\/uploads\/2024\/05\/LUCHO-HERRERA-1-600x800.jpeg 600w, https:\/\/contraluzcucuta.co\/wp-content\/uploads\/2024\/05\/LUCHO-HERRERA-1-768x1024.jpeg 768w, https:\/\/contraluzcucuta.co\/wp-content\/uploads\/2024\/05\/LUCHO-HERRERA-1-1152x1536.jpeg 1152w, https:\/\/contraluzcucuta.co\/wp-content\/uploads\/2024\/05\/LUCHO-HERRERA-1.jpeg 1200w\" sizes=\"auto, (max-width: 211px) 100vw, 211px\" \/><\/a><\/p>\n<p><strong>\u00bfPor qu\u00e9 no corri\u00f3 con equipos europeos?<\/strong><\/p>\n<ul>\n<li><em>Ten\u00eda todas las oportunidades con Caf\u00e9 de Colombia y prefer\u00ed seguir ah\u00ed. Igual era un equipo nacional. Ahora, Nairo o Egan no pueden, porque no hay un equipo nacional que los patrocine ac\u00e1 y obligatoriamente tienen que estar en un equipo europeo.<\/em><\/li>\n<\/ul>\n<p>En uno de los intermedios del conversatorio, Lucho firm\u00f3 el libro de los visitantes de la biblioteca p\u00fablica Julio P\u00e9rez Ferrero. En una p\u00e1gina quedaron el mensaje, el agradecimiento y la r\u00fabrica del Luis Alberto herrera.<\/p>\n<p><strong>RAFAEL ANTONIO PAB\u00d3N<\/strong><\/p>\n<p><strong><a href=\"mailto:rafaelpabon58@hotmail.com\">rafaelpabon58@hotmail.com<\/a><\/strong><\/p>\n","protected":false},"excerpt":{"rendered":"<p>C\u00daCUTA.- El deporte, en cualquiera de sus disciplinas, da lecciones para la vida. Esos recuerdos quedan en el cerebro y nunca m\u00e1s se borran, hasta el punto de contarlos, a\u00f1os despu\u00e9s, con la nitidez del momento vivido. El ciclismo, en ocasiones, pareciera haber sido inventado por intr\u00e9pidos hombres que no le temen al peligro. Los &hellip;<\/p>\n","protected":false},"author":1,"featured_media":42009,"comment_status":"open","ping_status":"open","sticky":false,"template":"","format":"standard","meta":{"footnotes":""},"categories":[45,4],"tags":[6323,5402,3021,3602],"class_list":["post-42008","post","type-post","status-publish","format-standard","has-post-thumbnail","hentry","category-destacado","category-barra","tag-alvaro-lozano","tag-cafe-de-colombia","tag-ciclismo-colombiano","tag-lucho-herrera"],"_links":{"self":[{"href":"https:\/\/contraluzcucuta.co\/index.php?rest_route=\/wp\/v2\/posts\/42008","targetHints":{"allow":["GET"]}}],"collection":[{"href":"https:\/\/contraluzcucuta.co\/index.php?rest_route=\/wp\/v2\/posts"}],"about":[{"href":"https:\/\/contraluzcucuta.co\/index.php?rest_route=\/wp\/v2\/types\/post"}],"author":[{"embeddable":true,"href":"https:\/\/contraluzcucuta.co\/index.php?rest_route=\/wp\/v2\/users\/1"}],"replies":[{"embeddable":true,"href":"https:\/\/contraluzcucuta.co\/index.php?rest_route=%2Fwp%2Fv2%2Fcomments&post=42008"}],"version-history":[{"count":1,"href":"https:\/\/contraluzcucuta.co\/index.php?rest_route=\/wp\/v2\/posts\/42008\/revisions"}],"predecessor-version":[{"id":42015,"href":"https:\/\/contraluzcucuta.co\/index.php?rest_route=\/wp\/v2\/posts\/42008\/revisions\/42015"}],"wp:featuredmedia":[{"embeddable":true,"href":"https:\/\/contraluzcucuta.co\/index.php?rest_route=\/wp\/v2\/media\/42009"}],"wp:attachment":[{"href":"https:\/\/contraluzcucuta.co\/index.php?rest_route=%2Fwp%2Fv2%2Fmedia&parent=42008"}],"wp:term":[{"taxonomy":"category","embeddable":true,"href":"https:\/\/contraluzcucuta.co\/index.php?rest_route=%2Fwp%2Fv2%2Fcategories&post=42008"},{"taxonomy":"post_tag","embeddable":true,"href":"https:\/\/contraluzcucuta.co\/index.php?rest_route=%2Fwp%2Fv2%2Ftags&post=42008"}],"curies":[{"name":"wp","href":"https:\/\/api.w.org\/{rel}","templated":true}]}}