{"id":42000,"date":"2024-05-20T20:01:00","date_gmt":"2024-05-21T01:01:00","guid":{"rendered":"https:\/\/contraluzcucuta.co\/?p=42000"},"modified":"2024-05-20T20:01:00","modified_gmt":"2024-05-21T01:01:00","slug":"alumbrado-publico-concesionaria-debe-podar-los-arboles","status":"publish","type":"post","link":"https:\/\/contraluzcucuta.co\/?p=42000","title":{"rendered":"ALUMBRADO P\u00daBLICO. Concesionaria debe podar los \u00e1rboles"},"content":{"rendered":"<p style=\"padding-left: 40px; text-align: right;\"><strong><span style=\"color: #ff9900;\">C\u00daCUTA.- La concesi\u00f3n de alumbrado p\u00fablico tiene la obligaci\u00f3n contractual de podar los \u00e1rboles en la ciudad. El alcalde Jorge Acevedo exigir\u00e1 el cumplimiento de esta cl\u00e1usula con el fin de mejorar el cono lum\u00ednico en C\u00facuta. \u201cEsto es necesario y aporta a mejorar la seguridad\u201d.<\/span><\/strong><\/p>\n<p>En las \u00faltimas horas, el gobernante local recorri\u00f3 sitios estrat\u00e9gicos para inspeccionar el alumbrado p\u00fablico. El objetivo principal era identificar y evaluar los puntos en los que hay poca luz y que podr\u00edan contribuir a la generaci\u00f3n de inseguridad.<\/p>\n<p>Acevedo examin\u00f3 \u00e1reas espec\u00edficas y prioriz\u00f3 la seguridad y el bienestar de los ciudadanos. Analiz\u00f3 los lugares donde la falta de luminosidad representa amenazas contra la integridad y la tranquilidad de los cucute\u00f1os.<\/p>\n<p>Luego del recorrido, se elaborar\u00e1n estrategias y propuestas concretas para mejorar la calidad del alumbrado p\u00fablico en las \u00e1reas detectadas.<\/p>\n<p>El alcalde Jorge Acevedo insisti\u00f3 en la poda de \u00e1rboles y en la necesidad de redistribuir la distancia entre las luminarias. \u201cNecesitamos aumentar el n\u00famero de luxes, la intensidad de las l\u00e1mparas\u201d.<\/p>\n","protected":false},"excerpt":{"rendered":"<p>C\u00daCUTA.- La concesi\u00f3n de alumbrado p\u00fablico tiene la obligaci\u00f3n contractual de podar los \u00e1rboles en la ciudad. El alcalde Jorge Acevedo exigir\u00e1 el cumplimiento de esta cl\u00e1usula con el fin de mejorar el cono lum\u00ednico en C\u00facuta. \u201cEsto es necesario y aporta a mejorar la seguridad\u201d. En las \u00faltimas horas, el gobernante local recorri\u00f3 sitios &hellip;<\/p>\n","protected":false},"author":1,"featured_media":42001,"comment_status":"open","ping_status":"open","sticky":false,"template":"","format":"standard","meta":{"footnotes":""},"categories":[2625,4],"tags":[226,456,6322,6321],"class_list":["post-42000","post","type-post","status-publish","format-standard","has-post-thumbnail","hentry","category-alcaldia-de-cucuta","category-barra","tag-alcaldia-de-cucuta","tag-alumbrado-publico","tag-concesionaria-de-alumbrado-publico","tag-poda-de-arboles"],"_links":{"self":[{"href":"https:\/\/contraluzcucuta.co\/index.php?rest_route=\/wp\/v2\/posts\/42000","targetHints":{"allow":["GET"]}}],"collection":[{"href":"https:\/\/contraluzcucuta.co\/index.php?rest_route=\/wp\/v2\/posts"}],"about":[{"href":"https:\/\/contraluzcucuta.co\/index.php?rest_route=\/wp\/v2\/types\/post"}],"author":[{"embeddable":true,"href":"https:\/\/contraluzcucuta.co\/index.php?rest_route=\/wp\/v2\/users\/1"}],"replies":[{"embeddable":true,"href":"https:\/\/contraluzcucuta.co\/index.php?rest_route=%2Fwp%2Fv2%2Fcomments&post=42000"}],"version-history":[{"count":1,"href":"https:\/\/contraluzcucuta.co\/index.php?rest_route=\/wp\/v2\/posts\/42000\/revisions"}],"predecessor-version":[{"id":42002,"href":"https:\/\/contraluzcucuta.co\/index.php?rest_route=\/wp\/v2\/posts\/42000\/revisions\/42002"}],"wp:featuredmedia":[{"embeddable":true,"href":"https:\/\/contraluzcucuta.co\/index.php?rest_route=\/wp\/v2\/media\/42001"}],"wp:attachment":[{"href":"https:\/\/contraluzcucuta.co\/index.php?rest_route=%2Fwp%2Fv2%2Fmedia&parent=42000"}],"wp:term":[{"taxonomy":"category","embeddable":true,"href":"https:\/\/contraluzcucuta.co\/index.php?rest_route=%2Fwp%2Fv2%2Fcategories&post=42000"},{"taxonomy":"post_tag","embeddable":true,"href":"https:\/\/contraluzcucuta.co\/index.php?rest_route=%2Fwp%2Fv2%2Ftags&post=42000"}],"curies":[{"name":"wp","href":"https:\/\/api.w.org\/{rel}","templated":true}]}}