{"id":41996,"date":"2024-05-20T19:55:41","date_gmt":"2024-05-21T00:55:41","guid":{"rendered":"https:\/\/contraluzcucuta.co\/?p=41996"},"modified":"2024-05-20T19:55:41","modified_gmt":"2024-05-21T00:55:41","slug":"estrategia-defendamos-a-los-defensores-de-derechos-humanos","status":"publish","type":"post","link":"https:\/\/contraluzcucuta.co\/?p=41996","title":{"rendered":"ESTRATEGIA. \u201cDefendamos a los Defensores de Derechos Humanos\u201d"},"content":{"rendered":"<p style=\"padding-left: 40px; text-align: right;\"><strong><span style=\"color: #ff9900;\">C\u00daCUTA.- La estrategia est\u00e1 encaminada a resaltar el trabajo de hombres y mujeres que velan por el cumplimiento de los derechos humanos. La Secretar\u00eda de Gobierno acompa\u00f1\u00f3 la presentaci\u00f3n de la campa\u00f1a de la ONU y la embajada de Austria.<\/span><\/strong><\/p>\n<p><a href=\"https:\/\/contraluzcucuta.co\/wp-content\/uploads\/2024\/05\/GOBERNACION-DERECHOS-HUMANOS-1.jpg\"><img loading=\"lazy\" decoding=\"async\" class=\"alignnone  wp-image-41998 alignleft\" src=\"https:\/\/contraluzcucuta.co\/wp-content\/uploads\/2024\/05\/GOBERNACION-DERECHOS-HUMANOS-1-300x200.jpg\" alt=\"\" width=\"246\" height=\"164\" srcset=\"https:\/\/contraluzcucuta.co\/wp-content\/uploads\/2024\/05\/GOBERNACION-DERECHOS-HUMANOS-1-300x200.jpg 300w, https:\/\/contraluzcucuta.co\/wp-content\/uploads\/2024\/05\/GOBERNACION-DERECHOS-HUMANOS-1-600x400.jpg 600w, https:\/\/contraluzcucuta.co\/wp-content\/uploads\/2024\/05\/GOBERNACION-DERECHOS-HUMANOS-1-1024x682.jpg 1024w, https:\/\/contraluzcucuta.co\/wp-content\/uploads\/2024\/05\/GOBERNACION-DERECHOS-HUMANOS-1-768x512.jpg 768w, https:\/\/contraluzcucuta.co\/wp-content\/uploads\/2024\/05\/GOBERNACION-DERECHOS-HUMANOS-1-1536x1024.jpg 1536w, https:\/\/contraluzcucuta.co\/wp-content\/uploads\/2024\/05\/GOBERNACION-DERECHOS-HUMANOS-1-2048x1365.jpg 2048w, https:\/\/contraluzcucuta.co\/wp-content\/uploads\/2024\/05\/GOBERNACION-DERECHOS-HUMANOS-1-310x205.jpg 310w\" sizes=\"auto, (max-width: 246px) 100vw, 246px\" \/><\/a><\/p>\n<p>El representante adjunto de la Oficina DD.HH. Colombia, Juan Carlos Monge, indic\u00f3 que la campa\u00f1a se compone de 12 videos que permiten mostrar el trabajo leg\u00edtimo de los defensores de derechos humanos en la regi\u00f3n para incrementar su protecci\u00f3n.<\/p>\n<p>\u201cLa Gobernaci\u00f3n se une a la estrategia de la mano de la sociedad civil, autoridades locales e instituciones, junto con el apoyo de la embajada de Austria en la lucha de la defensa de las garant\u00edas fundamentales\u201d, a\u00f1adi\u00f3 Monge.<\/p>\n<p>La campa\u00f1a de las Naciones Unidas nace de la necesidad apremiante que tienen los l\u00edderes de los derechos humanos de ser visibilizados ante la comunidad. \u201cTrabajan por el bienestar de todos y la igualdad de los nortesantandereanos\u201d, dijo el secretario de Gobierno, Jhonny Pe\u00f1aranda.<\/p>\n<p>El medio ambiente, acceso a la tierra y territorio, salud, participaci\u00f3n de las mujeres, pueblos afrodescendientes, personas LGBTI, ni\u00f1os y j\u00f3venes, entre otros temas, se reflejan en historias de un minuto en los videos.<\/p>\n<p><strong>PAOLA CORZO \u2013 Gobernaci\u00f3n de Norte de Santander<\/strong><\/p>\n","protected":false},"excerpt":{"rendered":"<p>C\u00daCUTA.- La estrategia est\u00e1 encaminada a resaltar el trabajo de hombres y mujeres que velan por el cumplimiento de los derechos humanos. La Secretar\u00eda de Gobierno acompa\u00f1\u00f3 la presentaci\u00f3n de la campa\u00f1a de la ONU y la embajada de Austria. El representante adjunto de la Oficina DD.HH. Colombia, Juan Carlos Monge, indic\u00f3 que la campa\u00f1a &hellip;<\/p>\n","protected":false},"author":1,"featured_media":41997,"comment_status":"open","ping_status":"open","sticky":false,"template":"","format":"standard","meta":{"footnotes":""},"categories":[4,6011,36],"tags":[1908,5003,6320,379,6319],"class_list":["post-41996","post","type-post","status-publish","format-standard","has-post-thumbnail","hentry","category-barra","category-gobernacion-de-norte-de-santander","category-la-voz-del-pueblo","tag-defensores-de-derechos-humanos","tag-derechos-humanos","tag-embajada-de-austria","tag-gobernacion-de-norte-de-santander","tag-oficina-dd-hh-colombia"],"_links":{"self":[{"href":"https:\/\/contraluzcucuta.co\/index.php?rest_route=\/wp\/v2\/posts\/41996","targetHints":{"allow":["GET"]}}],"collection":[{"href":"https:\/\/contraluzcucuta.co\/index.php?rest_route=\/wp\/v2\/posts"}],"about":[{"href":"https:\/\/contraluzcucuta.co\/index.php?rest_route=\/wp\/v2\/types\/post"}],"author":[{"embeddable":true,"href":"https:\/\/contraluzcucuta.co\/index.php?rest_route=\/wp\/v2\/users\/1"}],"replies":[{"embeddable":true,"href":"https:\/\/contraluzcucuta.co\/index.php?rest_route=%2Fwp%2Fv2%2Fcomments&post=41996"}],"version-history":[{"count":1,"href":"https:\/\/contraluzcucuta.co\/index.php?rest_route=\/wp\/v2\/posts\/41996\/revisions"}],"predecessor-version":[{"id":41999,"href":"https:\/\/contraluzcucuta.co\/index.php?rest_route=\/wp\/v2\/posts\/41996\/revisions\/41999"}],"wp:featuredmedia":[{"embeddable":true,"href":"https:\/\/contraluzcucuta.co\/index.php?rest_route=\/wp\/v2\/media\/41997"}],"wp:attachment":[{"href":"https:\/\/contraluzcucuta.co\/index.php?rest_route=%2Fwp%2Fv2%2Fmedia&parent=41996"}],"wp:term":[{"taxonomy":"category","embeddable":true,"href":"https:\/\/contraluzcucuta.co\/index.php?rest_route=%2Fwp%2Fv2%2Fcategories&post=41996"},{"taxonomy":"post_tag","embeddable":true,"href":"https:\/\/contraluzcucuta.co\/index.php?rest_route=%2Fwp%2Fv2%2Ftags&post=41996"}],"curies":[{"name":"wp","href":"https:\/\/api.w.org\/{rel}","templated":true}]}}