{"id":41991,"date":"2024-05-20T19:47:49","date_gmt":"2024-05-21T00:47:49","guid":{"rendered":"https:\/\/contraluzcucuta.co\/?p=41991"},"modified":"2024-05-20T19:47:49","modified_gmt":"2024-05-21T00:47:49","slug":"pioneros-reconocimiento-historico-a-los-100-anos-del-cucuta-deportivo","status":"publish","type":"post","link":"https:\/\/contraluzcucuta.co\/?p=41991","title":{"rendered":"PIONEROS. Reconocimiento hist\u00f3rico a los 100 a\u00f1os del C\u00facuta Deportivo \u00a0"},"content":{"rendered":"<p style=\"padding-left: 40px; text-align: right;\"><strong><span style=\"color: #ff9900;\">C\u00daCUTA.- Germ\u00e1n Gonz\u00e1lez se uni\u00f3 con Julio Foliaco para rendir homenaje a los Pioneros del C\u00facuta Deportivo. El trabajo editorial sale con ocasi\u00f3n de los 100 a\u00f1os del club motil\u00f3n. Y como en todo equipo de f\u00fatbol se requiere del timonel, buscaron a Jorge Luis Pinto para complementar el ataque de este libro que estar\u00e1 en circulaci\u00f3n en los pr\u00f3ximos d\u00edas.<\/span><\/strong><\/p>\n<p><a href=\"https:\/\/contraluzcucuta.co\/wp-content\/uploads\/2024\/05\/BURRITO-LIBRO-5.jpeg\"><img loading=\"lazy\" decoding=\"async\" class=\"alignnone  wp-image-41993 alignleft\" src=\"https:\/\/contraluzcucuta.co\/wp-content\/uploads\/2024\/05\/BURRITO-LIBRO-5-300x225.jpeg\" alt=\"\" width=\"256\" height=\"192\" srcset=\"https:\/\/contraluzcucuta.co\/wp-content\/uploads\/2024\/05\/BURRITO-LIBRO-5-300x225.jpeg 300w, https:\/\/contraluzcucuta.co\/wp-content\/uploads\/2024\/05\/BURRITO-LIBRO-5-600x450.jpeg 600w, https:\/\/contraluzcucuta.co\/wp-content\/uploads\/2024\/05\/BURRITO-LIBRO-5-1024x768.jpeg 1024w, https:\/\/contraluzcucuta.co\/wp-content\/uploads\/2024\/05\/BURRITO-LIBRO-5-768x576.jpeg 768w, https:\/\/contraluzcucuta.co\/wp-content\/uploads\/2024\/05\/BURRITO-LIBRO-5-1536x1152.jpeg 1536w, https:\/\/contraluzcucuta.co\/wp-content\/uploads\/2024\/05\/BURRITO-LIBRO-5.jpeg 1600w\" sizes=\"auto, (max-width: 256px) 100vw, 256px\" \/><\/a><\/p>\n<p>Una mesita en el centro del Parque Santander, atendida por Gonz\u00e1lez, y otra, a un costado de la Biblioteca P\u00fablica, de la que estar\u00e1 encargado Foliaco, ser\u00e1n los puestos de lanzamiento de la obra literaria escrita en prosa, al mejor estilo del Burrito. As\u00ed lo dijeron los autores en el conversatorio organizado con ocasi\u00f3n de la Feria de los Campeones.<\/p>\n<p>El anuncio de la publicaci\u00f3n cay\u00f3 en terreno abonado. Los \u00e1vidos aficionados, de anta\u00f1o y noveles, quieren saber m\u00e1s acerca del recorrido del conjunto rojinegro. Si les dan nombres, adobados con an\u00e9cdotas, seguro, se deleitar\u00e1n con la lectura. Ser\u00e1 un plato fuerte para degustar en los siguientes puentes festivos colombianos.<\/p>\n<p>Borrador en mano, German dijo que ser\u00e1 en pasta dura. Y se aventur\u00f3 a vaticinar que en la feria de septiembre los textos estar\u00e1n a disposici\u00f3n de los lectores. No habl\u00f3 de la tirada, solo cont\u00f3 la charla con Hern\u00e1n Pel\u00e1ez, quien al saber que Pinto har\u00eda el pr\u00f3logo le coment\u00f3 que imprimiera los que quisiera, porque la presentaci\u00f3n del profesor es garant\u00eda de venta.<\/p>\n<ul>\n<li><em>Se trata de hablar del C\u00facuta Deportivo, de su historia, los directivos, los jugadores, los entrenadores. Todos los pioneros.<\/em><\/li>\n<\/ul>\n<p>&nbsp;<\/p>\n<p>&nbsp;<\/p>\n<p><a href=\"https:\/\/contraluzcucuta.co\/wp-content\/uploads\/2024\/05\/BURRITO-LIBRO-10.jpeg\"><img loading=\"lazy\" decoding=\"async\" class=\"wp-image-41994 alignleft\" src=\"https:\/\/contraluzcucuta.co\/wp-content\/uploads\/2024\/05\/BURRITO-LIBRO-10-300x225.jpeg\" alt=\"\" width=\"251\" height=\"188\" srcset=\"https:\/\/contraluzcucuta.co\/wp-content\/uploads\/2024\/05\/BURRITO-LIBRO-10-300x225.jpeg 300w, https:\/\/contraluzcucuta.co\/wp-content\/uploads\/2024\/05\/BURRITO-LIBRO-10-600x450.jpeg 600w, https:\/\/contraluzcucuta.co\/wp-content\/uploads\/2024\/05\/BURRITO-LIBRO-10-1024x768.jpeg 1024w, https:\/\/contraluzcucuta.co\/wp-content\/uploads\/2024\/05\/BURRITO-LIBRO-10-768x576.jpeg 768w, https:\/\/contraluzcucuta.co\/wp-content\/uploads\/2024\/05\/BURRITO-LIBRO-10-1536x1152.jpeg 1536w, https:\/\/contraluzcucuta.co\/wp-content\/uploads\/2024\/05\/BURRITO-LIBRO-10.jpeg 1600w\" sizes=\"auto, (max-width: 251px) 100vw, 251px\" \/><\/a>Gonz\u00e1lez, como buen 8 en la cancha, reparti\u00f3 elogios para el \u00fanico t\u00e9cnico campe\u00f3n en la A con el once fronterizo. No ahorr\u00f3 palabras y dijo que la gente del com\u00fan y del f\u00fatbol \u201cquiere y aprecia al profesor\u201d. Pinto volte\u00f3 la miraba para esquivar esas frases laudatorias. Y continu\u00f3: \u201cse merece eso y mucho m\u00e1s\u201d.<\/p>\n<p>Burrito, impulsado por la emoci\u00f3n del acto y por la presencia de aficionados, se atrevi\u00f3 y lo comprometi\u00f3 a pensar una y mil veces c\u00f3mo hacer las paces con Jos\u00e9 Augusto Cadena. As\u00ed, volver\u00eda a dirigir al cuadro rojinegro y lo devolver\u00eda a la primera divisi\u00f3n y m\u00e1s all\u00e1.<\/p>\n<p>Pinto respondi\u00f3:<\/p>\n<ul>\n<li><em>Yo no tengo nada con Jos\u00e9. Al contrario, desde el 15 de diciembre lo estoy esperando y no ha llegado. Vamos a ver cu\u00e1ndo llega.<\/em><\/li>\n<\/ul>\n<p>Despu\u00e9s de cuentos y recuentos acerca de la vida futbol\u00edstica del C\u00facuta Deportivo, Jorge Luis Pinto volvi\u00f3 al libro. Lo calific\u00f3 como un trabajo grande, en el que si el hincha y quien sea quiere conocer la verdadera historia con datos y nombres deben adquirir este texto.<\/p>\n<ul>\n<li><em>Los \u00fanicos hombres que han ganado plata con los libros son Garc\u00eda M\u00e1rquez y Vargas Llosa. El tercero va a ser usted.<\/em><\/li>\n<\/ul>\n<p>La premonici\u00f3n la hizo Jorge Luis Pinto al recordar que German Gonz\u00e1lez ha publicado \u2018Burrito Gonz\u00e1lez\u2019, su vida, sus goles y su gloria, autor Gustavo G\u00f3mez Ardila; Camerino, de la mano de Julio Foliaco, y ahora, Pioneros.<\/p>\n<p><strong>RAFAEL ANTONIO PAB\u00d3N<\/strong><\/p>\n<p><strong><a href=\"mailto:rafaelpabon58@hotmail.com\">rafaelpabon58@hotmail.com<\/a><\/strong><\/p>\n","protected":false},"excerpt":{"rendered":"<p>C\u00daCUTA.- Germ\u00e1n Gonz\u00e1lez se uni\u00f3 con Julio Foliaco para rendir homenaje a los Pioneros del C\u00facuta Deportivo. El trabajo editorial sale con ocasi\u00f3n de los 100 a\u00f1os del club motil\u00f3n. Y como en todo equipo de f\u00fatbol se requiere del timonel, buscaron a Jorge Luis Pinto para complementar el ataque de este libro que estar\u00e1 &hellip;<\/p>\n","protected":false},"author":1,"featured_media":41992,"comment_status":"open","ping_status":"open","sticky":false,"template":"","format":"standard","meta":{"footnotes":""},"categories":[4,28],"tags":[6316,1481,6317,6318,4362],"class_list":["post-41991","post","type-post","status-publish","format-standard","has-post-thumbnail","hentry","category-barra","category-vistazo-deportivo","tag-german-burrito-gonzalez","tag-jorge-luis-pinto","tag-julio-foliaco","tag-pioneros","tag-vistazo-deportivo"],"_links":{"self":[{"href":"https:\/\/contraluzcucuta.co\/index.php?rest_route=\/wp\/v2\/posts\/41991","targetHints":{"allow":["GET"]}}],"collection":[{"href":"https:\/\/contraluzcucuta.co\/index.php?rest_route=\/wp\/v2\/posts"}],"about":[{"href":"https:\/\/contraluzcucuta.co\/index.php?rest_route=\/wp\/v2\/types\/post"}],"author":[{"embeddable":true,"href":"https:\/\/contraluzcucuta.co\/index.php?rest_route=\/wp\/v2\/users\/1"}],"replies":[{"embeddable":true,"href":"https:\/\/contraluzcucuta.co\/index.php?rest_route=%2Fwp%2Fv2%2Fcomments&post=41991"}],"version-history":[{"count":1,"href":"https:\/\/contraluzcucuta.co\/index.php?rest_route=\/wp\/v2\/posts\/41991\/revisions"}],"predecessor-version":[{"id":41995,"href":"https:\/\/contraluzcucuta.co\/index.php?rest_route=\/wp\/v2\/posts\/41991\/revisions\/41995"}],"wp:featuredmedia":[{"embeddable":true,"href":"https:\/\/contraluzcucuta.co\/index.php?rest_route=\/wp\/v2\/media\/41992"}],"wp:attachment":[{"href":"https:\/\/contraluzcucuta.co\/index.php?rest_route=%2Fwp%2Fv2%2Fmedia&parent=41991"}],"wp:term":[{"taxonomy":"category","embeddable":true,"href":"https:\/\/contraluzcucuta.co\/index.php?rest_route=%2Fwp%2Fv2%2Fcategories&post=41991"},{"taxonomy":"post_tag","embeddable":true,"href":"https:\/\/contraluzcucuta.co\/index.php?rest_route=%2Fwp%2Fv2%2Ftags&post=41991"}],"curies":[{"name":"wp","href":"https:\/\/api.w.org\/{rel}","templated":true}]}}