{"id":41970,"date":"2024-05-20T04:08:10","date_gmt":"2024-05-20T09:08:10","guid":{"rendered":"https:\/\/contraluzcucuta.co\/?p=41970"},"modified":"2024-05-20T04:12:48","modified_gmt":"2024-05-20T09:12:48","slug":"produccion-cafetera-norte-de-santander-crecera-en-cantidad-y-en-calidad","status":"publish","type":"post","link":"https:\/\/contraluzcucuta.co\/?p=41970","title":{"rendered":"PRODUCCI\u00d3N CAFETERA. Norte de Santander crecer\u00e1 en cantidad y en calidad"},"content":{"rendered":"<ul>\n<li style=\"list-style-type: none;\">\n<ul>\n<li style=\"text-align: right;\"><strong><span style=\"color: #ff9900;\"><em>Cuenta una leyenda que el aumento de producci\u00f3n de caf\u00e9 en Colombia fue gracias al sacerdote jesuita Francisco Romero en un pueblo de Norte de Santander llamado Salazar de las Palmas. <\/em>(Caf\u00e9 de Colombia)<\/span><\/strong><\/li>\n<\/ul>\n<\/li>\n<\/ul>\n<p><a href=\"https:\/\/contraluzcucuta.co\/wp-content\/uploads\/2024\/05\/GERMAN-BAHAMON-5.jpeg\"><img loading=\"lazy\" decoding=\"async\" class=\"alignnone wp-image-41972 alignleft\" src=\"https:\/\/contraluzcucuta.co\/wp-content\/uploads\/2024\/05\/GERMAN-BAHAMON-5-225x300.jpeg\" alt=\"\" width=\"214\" height=\"285\" srcset=\"https:\/\/contraluzcucuta.co\/wp-content\/uploads\/2024\/05\/GERMAN-BAHAMON-5-225x300.jpeg 225w, https:\/\/contraluzcucuta.co\/wp-content\/uploads\/2024\/05\/GERMAN-BAHAMON-5-600x800.jpeg 600w, https:\/\/contraluzcucuta.co\/wp-content\/uploads\/2024\/05\/GERMAN-BAHAMON-5-768x1024.jpeg 768w, https:\/\/contraluzcucuta.co\/wp-content\/uploads\/2024\/05\/GERMAN-BAHAMON-5-1152x1536.jpeg 1152w, https:\/\/contraluzcucuta.co\/wp-content\/uploads\/2024\/05\/GERMAN-BAHAMON-5.jpeg 1200w\" sizes=\"auto, (max-width: 214px) 100vw, 214px\" \/><\/a><\/p>\n<p><strong>C\u00daCUTA.-<\/strong> Hoy, Norte de Santander ocupa el puesto 11 en producci\u00f3n nacional. German Baham\u00f3n, gerente general de la Federaci\u00f3n Nacional de Cafeteros, en la \u00faltima visita a C\u00facuta (17 de mayo), dijo que \u201ctengo mucha confianza en que va a seguir creciendo en cantidad y en calidad\u201d. Y esto se dar\u00e1 porque, \u201chay una condici\u00f3n bien particular en Norte de Santander, m\u00e1s all\u00e1 de saber que aqu\u00ed todo comenz\u00f3\u201d.<\/p>\n<p>Destac\u00f3 el trabajo conjunto y arm\u00f3nico de la Universidad, el cl\u00faster del caf\u00e9, la Gobernaci\u00f3n, las alcald\u00edas de los municipios productores, la Federaci\u00f3n, los comit\u00e9s municipales y el Comit\u00e9 Departamental, trabajando de la mano.<\/p>\n<p>\u201cCuando hay voluntades, como las que estoy viendo, nos invita a pensar que habr\u00e1 futuro\u201d. La mirada positiva la fija en el trabajo en educaci\u00f3n de los j\u00f3venes, el arraigo por la caficultura, la pertinencia, el recorrido por la cadena de valor y la llegada hasta la experiencia en taza. \u201cLa calidad ha sido algo que ha diferenciado a Norte de Santander y queremos seguir trabajando en ella\u201d.<\/p>\n<p>La labor se mantendr\u00e1 en los municipios cafeteros. Arboledas, Cucutilla, Salazar de Las Palmas, Toledo, Convenci\u00f3n, San Calixto y Lourdes son los de mayor extensi\u00f3n de cafetales. \u201cEl Comit\u00e9 Departamental y los municipales han hecho una labor bien importante y vamos a seguir de esa manera\u201d, dijo Baham\u00f3n Jaramillo.<\/p>\n<p><a href=\"https:\/\/contraluzcucuta.co\/wp-content\/uploads\/2024\/05\/GERMAN-BAHAMON-4.jpeg\"><img loading=\"lazy\" decoding=\"async\" class=\"alignnone wp-image-41973 alignleft\" src=\"https:\/\/contraluzcucuta.co\/wp-content\/uploads\/2024\/05\/GERMAN-BAHAMON-4-300x225.jpeg\" alt=\"\" width=\"252\" height=\"189\" srcset=\"https:\/\/contraluzcucuta.co\/wp-content\/uploads\/2024\/05\/GERMAN-BAHAMON-4-300x225.jpeg 300w, https:\/\/contraluzcucuta.co\/wp-content\/uploads\/2024\/05\/GERMAN-BAHAMON-4-600x450.jpeg 600w, https:\/\/contraluzcucuta.co\/wp-content\/uploads\/2024\/05\/GERMAN-BAHAMON-4-1024x768.jpeg 1024w, https:\/\/contraluzcucuta.co\/wp-content\/uploads\/2024\/05\/GERMAN-BAHAMON-4-768x576.jpeg 768w, https:\/\/contraluzcucuta.co\/wp-content\/uploads\/2024\/05\/GERMAN-BAHAMON-4-1536x1152.jpeg 1536w, https:\/\/contraluzcucuta.co\/wp-content\/uploads\/2024\/05\/GERMAN-BAHAMON-4.jpeg 1600w\" sizes=\"auto, (max-width: 252px) 100vw, 252px\" \/><\/a><\/p>\n<p>En torno a las dificultades que afrontan los productores regionales para sacar el grano a las despensas, el gerente Germ\u00e1n Baham\u00f3n indic\u00f3 que la Federaci\u00f3n tiene capacidad institucional que ha puesto en beneficio de los gobiernos locales, departamental y nacional. \u201cHemos sido esa herramienta de ejecuci\u00f3n de la pol\u00edtica p\u00fablica\u201d.<\/p>\n<p>Reiter\u00f3 que trabajan con la Gobernaci\u00f3n y con las alcald\u00edas, e incluso, con el Gobierno. \u201cSiempre hemos dicho que queremos ayudarlos en esa pol\u00edtica que tiene de mejorar las v\u00edas terciarias\u201d, porque la Federaci\u00f3n sabe d\u00f3nde est\u00e1 la necesidad.<\/p>\n<p><strong>\u00bfEl enfrentamiento con el Gobierno afecta la imagen en las regiones?<\/strong><\/p>\n<ul>\n<li><em>Lo \u00fanico que le puedo decir es que ha sido un tema m\u00e1s de amarillismo period\u00edstico que en la realidad lo que hemos venido trabajando. Puedo hablarle de mesas abiertas desde cuando llegu\u00e9 a la Federaci\u00f3n, en donde estamos trabajando de la mano. Que pueda haber diferencias, claro, y digamos que en un pa\u00eds como el nuestro siempre habr\u00e1 diferencias. Tenemos un objetivo com\u00fan, el desarrollo econ\u00f3mico de nuestros cafeteros y la prosperidad de sus familias. <\/em><\/li>\n<\/ul>\n","protected":false},"excerpt":{"rendered":"<p>Cuenta una leyenda que el aumento de producci\u00f3n de caf\u00e9 en Colombia fue gracias al sacerdote jesuita Francisco Romero en un pueblo de Norte de Santander llamado Salazar de las Palmas. (Caf\u00e9 de Colombia) C\u00daCUTA.- Hoy, Norte de Santander ocupa el puesto 11 en producci\u00f3n nacional. German Baham\u00f3n, gerente general de la Federaci\u00f3n Nacional de &hellip;<\/p>\n","protected":false},"author":1,"featured_media":41975,"comment_status":"open","ping_status":"open","sticky":false,"template":"","format":"standard","meta":{"footnotes":""},"categories":[4,32],"tags":[6312,5757,5463,6311,6313],"class_list":["post-41970","post","type-post","status-publish","format-standard","has-post-thumbnail","hentry","category-barra","category-recorrido-por-la-region","tag-caficultura","tag-comite-departamental-de-cafeteros","tag-federacion-de-cafeteros","tag-german-bahamon","tag-historia-del-cafe"],"_links":{"self":[{"href":"https:\/\/contraluzcucuta.co\/index.php?rest_route=\/wp\/v2\/posts\/41970","targetHints":{"allow":["GET"]}}],"collection":[{"href":"https:\/\/contraluzcucuta.co\/index.php?rest_route=\/wp\/v2\/posts"}],"about":[{"href":"https:\/\/contraluzcucuta.co\/index.php?rest_route=\/wp\/v2\/types\/post"}],"author":[{"embeddable":true,"href":"https:\/\/contraluzcucuta.co\/index.php?rest_route=\/wp\/v2\/users\/1"}],"replies":[{"embeddable":true,"href":"https:\/\/contraluzcucuta.co\/index.php?rest_route=%2Fwp%2Fv2%2Fcomments&post=41970"}],"version-history":[{"count":1,"href":"https:\/\/contraluzcucuta.co\/index.php?rest_route=\/wp\/v2\/posts\/41970\/revisions"}],"predecessor-version":[{"id":41974,"href":"https:\/\/contraluzcucuta.co\/index.php?rest_route=\/wp\/v2\/posts\/41970\/revisions\/41974"}],"wp:featuredmedia":[{"embeddable":true,"href":"https:\/\/contraluzcucuta.co\/index.php?rest_route=\/wp\/v2\/media\/41975"}],"wp:attachment":[{"href":"https:\/\/contraluzcucuta.co\/index.php?rest_route=%2Fwp%2Fv2%2Fmedia&parent=41970"}],"wp:term":[{"taxonomy":"category","embeddable":true,"href":"https:\/\/contraluzcucuta.co\/index.php?rest_route=%2Fwp%2Fv2%2Fcategories&post=41970"},{"taxonomy":"post_tag","embeddable":true,"href":"https:\/\/contraluzcucuta.co\/index.php?rest_route=%2Fwp%2Fv2%2Ftags&post=41970"}],"curies":[{"name":"wp","href":"https:\/\/api.w.org\/{rel}","templated":true}]}}