{"id":41962,"date":"2024-05-19T19:52:09","date_gmt":"2024-05-20T00:52:09","guid":{"rendered":"https:\/\/contraluzcucuta.co\/?p=41962"},"modified":"2024-05-19T19:52:09","modified_gmt":"2024-05-20T00:52:09","slug":"via-la-floresta-18-000-millones-en-26-kilometros-en-doble-calzada","status":"publish","type":"post","link":"https:\/\/contraluzcucuta.co\/?p=41962","title":{"rendered":"V\u00cdA LA FLORESTA. $ 18.000 millones, en 2,6 kil\u00f3metros, en doble calzada"},"content":{"rendered":"<p style=\"padding-left: 40px; text-align: right;\"><strong><span style=\"color: #ff9900;\">C\u00daCUTA.- Despu\u00e9s de varios meses de trabajos, se culmin\u00f3 la reparaci\u00f3n del corredor vial La Floresta. En la obra se invirtieron $ 18.000 millones a lo largo de 2,6 kil\u00f3metros, en doble calzada. Los beneficios ser\u00e1n el mejoramiento en el tr\u00e1nsito vehicular, el impulso al desarrollo econ\u00f3mico y la valorizaci\u00f3n de este sector estrat\u00e9gico que conecta al \u00c1rea Metropolitana de C\u00facuta.<\/span><\/strong><\/p>\n<p>El gobernador William Villamizar destac\u00f3 la importancia de la v\u00eda, anunci\u00f3 que est\u00e1 proyectada una segunda fase y mencion\u00f3 la futura intervenci\u00f3n del intercambiador de Pinar del R\u00edo. El anuncio hace parte del compromiso con la transformaci\u00f3n y la modernizaci\u00f3n de la infraestructura vial en Norte de Santander.<\/p>\n<p>La obra fue gestionada durante la administraci\u00f3n de Silvano Serrano, quien asisti\u00f3 al acto de entrega, en compa\u00f1\u00eda de diputados, congresistas, los alcaldes de Los Patios, Alexi Valencia, y C\u00facuta, Jorge Acevedo, y miembros de la comunidad.<\/p>\n","protected":false},"excerpt":{"rendered":"<p>C\u00daCUTA.- Despu\u00e9s de varios meses de trabajos, se culmin\u00f3 la reparaci\u00f3n del corredor vial La Floresta. En la obra se invirtieron $ 18.000 millones a lo largo de 2,6 kil\u00f3metros, en doble calzada. Los beneficios ser\u00e1n el mejoramiento en el tr\u00e1nsito vehicular, el impulso al desarrollo econ\u00f3mico y la valorizaci\u00f3n de este sector estrat\u00e9gico que &hellip;<\/p>\n","protected":false},"author":1,"featured_media":41963,"comment_status":"open","ping_status":"open","sticky":false,"template":"","format":"standard","meta":{"footnotes":""},"categories":[4,6011],"tags":[379,6296],"class_list":["post-41962","post","type-post","status-publish","format-standard","has-post-thumbnail","hentry","category-barra","category-gobernacion-de-norte-de-santander","tag-gobernacion-de-norte-de-santander","tag-variante-la-floresta"],"_links":{"self":[{"href":"https:\/\/contraluzcucuta.co\/index.php?rest_route=\/wp\/v2\/posts\/41962","targetHints":{"allow":["GET"]}}],"collection":[{"href":"https:\/\/contraluzcucuta.co\/index.php?rest_route=\/wp\/v2\/posts"}],"about":[{"href":"https:\/\/contraluzcucuta.co\/index.php?rest_route=\/wp\/v2\/types\/post"}],"author":[{"embeddable":true,"href":"https:\/\/contraluzcucuta.co\/index.php?rest_route=\/wp\/v2\/users\/1"}],"replies":[{"embeddable":true,"href":"https:\/\/contraluzcucuta.co\/index.php?rest_route=%2Fwp%2Fv2%2Fcomments&post=41962"}],"version-history":[{"count":1,"href":"https:\/\/contraluzcucuta.co\/index.php?rest_route=\/wp\/v2\/posts\/41962\/revisions"}],"predecessor-version":[{"id":41964,"href":"https:\/\/contraluzcucuta.co\/index.php?rest_route=\/wp\/v2\/posts\/41962\/revisions\/41964"}],"wp:featuredmedia":[{"embeddable":true,"href":"https:\/\/contraluzcucuta.co\/index.php?rest_route=\/wp\/v2\/media\/41963"}],"wp:attachment":[{"href":"https:\/\/contraluzcucuta.co\/index.php?rest_route=%2Fwp%2Fv2%2Fmedia&parent=41962"}],"wp:term":[{"taxonomy":"category","embeddable":true,"href":"https:\/\/contraluzcucuta.co\/index.php?rest_route=%2Fwp%2Fv2%2Fcategories&post=41962"},{"taxonomy":"post_tag","embeddable":true,"href":"https:\/\/contraluzcucuta.co\/index.php?rest_route=%2Fwp%2Fv2%2Ftags&post=41962"}],"curies":[{"name":"wp","href":"https:\/\/api.w.org\/{rel}","templated":true}]}}