{"id":41952,"date":"2024-05-19T19:43:52","date_gmt":"2024-05-20T00:43:52","guid":{"rendered":"https:\/\/contraluzcucuta.co\/?p=41952"},"modified":"2024-05-19T19:47:04","modified_gmt":"2024-05-20T00:47:04","slug":"conversatorio-en-cucuta-empezaron-mi-carrera-y-mi-historia-tino-asprilla","status":"publish","type":"post","link":"https:\/\/contraluzcucuta.co\/?p=41952","title":{"rendered":"CONVERSATORIO. En C\u00facuta empezaron mi carrera y mi historia, Tino Asprilla"},"content":{"rendered":"<p style=\"padding-left: 40px; text-align: right;\"><strong><span style=\"color: #ff9900;\">C\u00daCUTA.- La tarde est\u00e1 por caer. Todav\u00eda quedan rayos de ese sol que en C\u00facuta calienta hasta los 40 grados. En la biblioteca Julio P\u00e9rez Ferrero hay expectativa por ver al hombre al que hace muchos a\u00f1os la camiseta rojinegra le sirvi\u00f3 de catapulta para ganarlo todo en Europa mientras corr\u00eda detr\u00e1s del bal\u00f3n. Fue mucho lo que gan\u00f3, pero tambi\u00e9n perdi\u00f3 finales en Tokio, Copa Libertadores, Copa Italia, dos en Inglaterra y otra en Parma.<\/span><\/strong><\/p>\n<p><a href=\"https:\/\/contraluzcucuta.co\/wp-content\/uploads\/2024\/05\/TINO-2.jpeg\"><img loading=\"lazy\" decoding=\"async\" class=\"alignnone wp-image-41954 alignleft\" src=\"https:\/\/contraluzcucuta.co\/wp-content\/uploads\/2024\/05\/TINO-2-225x300.jpeg\" alt=\"\" width=\"209\" height=\"279\" srcset=\"https:\/\/contraluzcucuta.co\/wp-content\/uploads\/2024\/05\/TINO-2-225x300.jpeg 225w, https:\/\/contraluzcucuta.co\/wp-content\/uploads\/2024\/05\/TINO-2-600x800.jpeg 600w, https:\/\/contraluzcucuta.co\/wp-content\/uploads\/2024\/05\/TINO-2-768x1024.jpeg 768w, https:\/\/contraluzcucuta.co\/wp-content\/uploads\/2024\/05\/TINO-2-1152x1536.jpeg 1152w, https:\/\/contraluzcucuta.co\/wp-content\/uploads\/2024\/05\/TINO-2.jpeg 1200w\" sizes=\"auto, (max-width: 209px) 100vw, 209px\" \/><\/a><\/p>\n<p>Faustino Hern\u00e1n Asprilla Hinestroza lleg\u00f3 a la ciudad procedente de la escuela de f\u00fatbol Sarmiento Lora. Ten\u00eda 17 a\u00f1os y hasta ahora estaba en formaci\u00f3n. No sab\u00eda ubicar a C\u00facuta en el mapa, por eso en la maleta empac\u00f3 sacos de manga larga. Nunca los us\u00f3. Tampoco ten\u00eda en mente viajar ac\u00e1, cre\u00eda que el destino lo pondr\u00eda en Deportivo Cali o Am\u00e9rica. Solo era consciente de que quer\u00eda ser jugador profesional. En el aeropuerto Camilo Daza no lo recibi\u00f3 nadie.<\/p>\n<p>En la sede del C\u00facuta Deportivo, \u00c1lvaro V\u00e9lez lo hizo esperar cuatro horas. Ven\u00eda a prueba por un mes. Germ\u00e1n Aceros era el t\u00e9cnico, pero el que lo recomend\u00f3 para que debutara fue Pedro Barbosa. El partido se disput\u00f3 en San Crist\u00f3bal contra Deportivo T\u00e1chira y deslumbr\u00f3. Esa presentaci\u00f3n le vali\u00f3 para firmar contrato. El pase cost\u00f3 $ 10 millones. Luego, lo cedieron a Atl\u00e9tico Nacional por 150.000 d\u00f3lares.<\/p>\n<ul>\n<li><em>Estoy feliz de volver a la ciudad que me vio nacer futbol\u00edsticamente. Me encontr\u00e9 con varios jugadores que estuvieron conmigo en el C\u00facuta (1989 \u2013 90) y estoy feliz de verlos y recordar an\u00e9cdotas.<\/em><\/li>\n<\/ul>\n<p>Gafas oscuras, pantal\u00f3n corto, franela blanca con rayas rojas y verdes, descomplicado y listo para conversar. Por compromisos publicitarios no pudo lucir la casaca motilona que le obsequiaron. Pero se la llev\u00f3. Seguro, en alg\u00fan momento, en la intimidad del hogar, la desempacar\u00e1 y se la medir\u00e1 sin que nadie lo vea. Ser\u00e1 un secreto que el espejo sabr\u00e1 guardarle.<\/p>\n<p><a href=\"https:\/\/contraluzcucuta.co\/wp-content\/uploads\/2024\/05\/TINO-4A.jpeg\"><img loading=\"lazy\" decoding=\"async\" class=\"alignnone wp-image-41955 alignleft\" src=\"https:\/\/contraluzcucuta.co\/wp-content\/uploads\/2024\/05\/TINO-4A-223x300.jpeg\" alt=\"\" width=\"210\" height=\"283\" srcset=\"https:\/\/contraluzcucuta.co\/wp-content\/uploads\/2024\/05\/TINO-4A-223x300.jpeg 223w, https:\/\/contraluzcucuta.co\/wp-content\/uploads\/2024\/05\/TINO-4A-600x808.jpeg 600w, https:\/\/contraluzcucuta.co\/wp-content\/uploads\/2024\/05\/TINO-4A.jpeg 642w\" sizes=\"auto, (max-width: 210px) 100vw, 210px\" \/><\/a><\/p>\n<p>Mostr\u00f3 agradecimiento para con el equipo y para con la ciudad, porque le dieron la oportunidad de convertirse en futbolista profesional. Aqu\u00ed empezaron su carrera y su historia. Tiene raz\u00f3n al imaginar que quienes lo vieron conocen en d\u00f3nde termin\u00f3 y ad\u00f3nde fue a parar.<\/p>\n<p>Cuando comenz\u00f3 a ser el Tino jug\u00f3 20 partidos con el once motil\u00f3n y marc\u00f3 6 goles. El debut en el f\u00fatbol profesional colombiano ocurri\u00f3 contra Millonarios, campe\u00f3n de Colombia. El General Santander no es testigo de ese hecho. La primicia se la llev\u00f3 Hermides Padilla, en Oca\u00f1a, el 21 de mayo de 1989.<\/p>\n<ul>\n<li><em>El primer gol que hice con el C\u00facuta es inolvidable. Fui mi primer gol en el f\u00fatbol profesional. Fue un golazo. Centro de Danilo (Robledo) y lo \u00fanico que hice fue cabecear al palo contrario de Goicochea.<\/em><\/li>\n<\/ul>\n<p>Se jact\u00f3 de que, casualmente, convert\u00eda contra los equipos grandes. Marc\u00f3 contra Millonarios y Nacional. Es hincha de los equipos por donde pas\u00f3. Entre los que est\u00e1 el C\u00facuta Deportivo. Tiene pintado el coraz\u00f3n con los colores del Parma (Italia), Newcastle (Inglaterra), Palmeiras y Fluminense (Brasil), Atlas (M\u00e9xico), Universidad (Chile), Cortulu\u00e1 y Nacional (Colombia), y Estudiantes (Argentina). M\u00e1s la Selecci\u00f3n.<\/p>\n<p>A medida que avanza el conversatorio, salen a relucir otras historias y m\u00e1s an\u00e9cdotas. El sol comienza a ocultarse. Es hora de quitarse las gafas y de hablar de las mejores defensas que enfrent\u00f3. Resalta la del Mil\u00e1n que llevaba 58 fechas sin perder, hasta que apareci\u00f3 Asprilla y les quit\u00f3 el invicto.<\/p>\n<p>&nbsp;<\/p>\n<p><a href=\"https:\/\/contraluzcucuta.co\/wp-content\/uploads\/2024\/05\/TINO-5A.jpg\"><img loading=\"lazy\" decoding=\"async\" class=\"size-medium wp-image-41953 alignleft\" src=\"https:\/\/contraluzcucuta.co\/wp-content\/uploads\/2024\/05\/TINO-5A-177x300.jpg\" alt=\"\" width=\"177\" height=\"300\" srcset=\"https:\/\/contraluzcucuta.co\/wp-content\/uploads\/2024\/05\/TINO-5A-177x300.jpg 177w, https:\/\/contraluzcucuta.co\/wp-content\/uploads\/2024\/05\/TINO-5A.jpg 377w\" sizes=\"auto, (max-width: 177px) 100vw, 177px\" \/><\/a><\/p>\n<p>En la mira del recuerdo mantiene a dos colombianos, a quienes los tild\u00f3 de \u2018sicarios con guayos\u2019.<\/p>\n<ul>\n<li><em>Gabriel Mart\u00ednez y Orlando Rojas eran un par de asesinos. Se pintaban (la cara) como Rambo, como si fueran para la guerra.<\/em><\/li>\n<\/ul>\n<p>No todo fue f\u00e1cil en los 8 a\u00f1os que permaneci\u00f3 en el viejo continente. El fr\u00edo italiano lo acobard\u00f3 y lo hizo pensar en el regreso para Nacional, con sueldo europeo. De los 30 grados de Tulu\u00e1 y los 36 de C\u00facuta, baj\u00f3 la temperatura hasta clamar: \u2018Dios m\u00edo bendito, en d\u00f3nde me met\u00ed\u2019. Entrenaba con la nieve a la altura de la media pierna, los dedos de los pies y las orejas congelados. As\u00ed, jugaba un partido bien y otro mal. Intercalaba entre suplente y titular.<\/p>\n<p>Vuelve el recuerdo a C\u00facuta. A la casa del club, frente al Sena, en el barrio Sevilla, de la que se fugaba todos los d\u00edas, a pesar de las normas de convivencia establecidas por el equipo. Hizo memoria y concluy\u00f3 que todav\u00eda tiene un vale en la caseta de Miguelito. \u00bfAprovech\u00f3 para pagarlo?<\/p>\n<ul>\n<li><em>A las 10:00 de la noche ten\u00edan que estar en la casa, si no le echaban llave. Me volaba en el triciclo del mayordomo. En esa \u00e9poca era terrible. Hab\u00eda un palo y un balc\u00f3n y me sub\u00eda por ah\u00ed. Fue una \u00e9poca de demasiado aprendizaje para m\u00ed, porque me sent\u00eda a gusto, c\u00f3modo.<\/em><\/li>\n<li><\/li>\n<\/ul>\n<p><a href=\"https:\/\/contraluzcucuta.co\/wp-content\/uploads\/2024\/05\/TINO-7.jpeg\"><img loading=\"lazy\" decoding=\"async\" class=\"alignnone wp-image-41957 alignleft\" src=\"https:\/\/contraluzcucuta.co\/wp-content\/uploads\/2024\/05\/TINO-7-300x225.jpeg\" alt=\"\" width=\"249\" height=\"187\" srcset=\"https:\/\/contraluzcucuta.co\/wp-content\/uploads\/2024\/05\/TINO-7-300x225.jpeg 300w, https:\/\/contraluzcucuta.co\/wp-content\/uploads\/2024\/05\/TINO-7-600x450.jpeg 600w, https:\/\/contraluzcucuta.co\/wp-content\/uploads\/2024\/05\/TINO-7-1024x768.jpeg 1024w, https:\/\/contraluzcucuta.co\/wp-content\/uploads\/2024\/05\/TINO-7-768x576.jpeg 768w, https:\/\/contraluzcucuta.co\/wp-content\/uploads\/2024\/05\/TINO-7-1536x1152.jpeg 1536w, https:\/\/contraluzcucuta.co\/wp-content\/uploads\/2024\/05\/TINO-7.jpeg 1600w\" sizes=\"auto, (max-width: 249px) 100vw, 249px\" \/><\/a><\/p>\n<p>Est\u00e1 seguro de que su historia se cuenta al rev\u00e9s. Dicen que era vago, mujeriego, lo acepta, sobre todo para un soltero. Pero lo que no se sabe es que se entrenaba y se esforzaba. Se exig\u00eda para rendir, porque si no no se estar\u00eda contando su vida, sino que se dir\u00eda pudo ser, ten\u00eda talento y nunca lleg\u00f3.<\/p>\n<ul>\n<li><em>Lo que practicaba en los entrenamientos, me sal\u00eda los domingos. No era casualidad que hiciera esos goles, era porque lo trabajaba. Me quedaba entrenando. Primero entrenaba y jugaba; despu\u00e9s, me alcanzaba el tiempo para otras cosas.<\/em><\/li>\n<\/ul>\n<p>La visita de Faustino Asprilla se dio en desarrollo de la Feria de los campeones, organizada por Gabriel Angarita. En la charla particip\u00f3 el periodista deportivo Jorge Enrique Rico.<\/p>\n<p>RAFAEL ANTONIO PAB\u00d3N<\/p>\n<p>rafaelpabon58@hotmail.com<\/p>\n","protected":false},"excerpt":{"rendered":"<p>C\u00daCUTA.- La tarde est\u00e1 por caer. Todav\u00eda quedan rayos de ese sol que en C\u00facuta calienta hasta los 40 grados. En la biblioteca Julio P\u00e9rez Ferrero hay expectativa por ver al hombre al que hace muchos a\u00f1os la camiseta rojinegra le sirvi\u00f3 de catapulta para ganarlo todo en Europa mientras corr\u00eda detr\u00e1s del bal\u00f3n. Fue &hellip;<\/p>\n","protected":false},"author":1,"featured_media":41956,"comment_status":"open","ping_status":"open","sticky":false,"template":"","format":"standard","meta":{"footnotes":""},"categories":[5970,45,4],"tags":[5935,6307,6310,6308,6309],"class_list":["post-41952","post","type-post","status-publish","format-standard","has-post-thumbnail","hentry","category-conversaciones-de-entre-casa","category-destacado","category-barra","tag-conversaciones-de-entre-casa","tag-conversatorio","tag-expo-sport-2024","tag-faustino-asprilla","tag-tino-asprilla"],"_links":{"self":[{"href":"https:\/\/contraluzcucuta.co\/index.php?rest_route=\/wp\/v2\/posts\/41952","targetHints":{"allow":["GET"]}}],"collection":[{"href":"https:\/\/contraluzcucuta.co\/index.php?rest_route=\/wp\/v2\/posts"}],"about":[{"href":"https:\/\/contraluzcucuta.co\/index.php?rest_route=\/wp\/v2\/types\/post"}],"author":[{"embeddable":true,"href":"https:\/\/contraluzcucuta.co\/index.php?rest_route=\/wp\/v2\/users\/1"}],"replies":[{"embeddable":true,"href":"https:\/\/contraluzcucuta.co\/index.php?rest_route=%2Fwp%2Fv2%2Fcomments&post=41952"}],"version-history":[{"count":4,"href":"https:\/\/contraluzcucuta.co\/index.php?rest_route=\/wp\/v2\/posts\/41952\/revisions"}],"predecessor-version":[{"id":41961,"href":"https:\/\/contraluzcucuta.co\/index.php?rest_route=\/wp\/v2\/posts\/41952\/revisions\/41961"}],"wp:featuredmedia":[{"embeddable":true,"href":"https:\/\/contraluzcucuta.co\/index.php?rest_route=\/wp\/v2\/media\/41956"}],"wp:attachment":[{"href":"https:\/\/contraluzcucuta.co\/index.php?rest_route=%2Fwp%2Fv2%2Fmedia&parent=41952"}],"wp:term":[{"taxonomy":"category","embeddable":true,"href":"https:\/\/contraluzcucuta.co\/index.php?rest_route=%2Fwp%2Fv2%2Fcategories&post=41952"},{"taxonomy":"post_tag","embeddable":true,"href":"https:\/\/contraluzcucuta.co\/index.php?rest_route=%2Fwp%2Fv2%2Ftags&post=41952"}],"curies":[{"name":"wp","href":"https:\/\/api.w.org\/{rel}","templated":true}]}}