{"id":41948,"date":"2024-05-17T05:18:45","date_gmt":"2024-05-17T10:18:45","guid":{"rendered":"https:\/\/contraluzcucuta.co\/?p=41948"},"modified":"2024-05-17T05:18:45","modified_gmt":"2024-05-17T10:18:45","slug":"cobertura-del-pae-en-2025-adaptaran-restaurantes-en-las-sedes-educativas","status":"publish","type":"post","link":"https:\/\/contraluzcucuta.co\/?p=41948","title":{"rendered":"COBERTURA DEL PAE EN 2025. Adaptar\u00e1n restaurantes en las sedes educativas"},"content":{"rendered":"<p style=\"padding-left: 40px; text-align: right;\"><strong><span style=\"color: #ff9900;\">C\u00daCUTA.- $ 28.511,3 millones ha destinado la Unidad de Alimentos para Aprender (UApA), por intermedio del Ministerio de Educaci\u00f3n Nacional, para la ETC C\u00facuta. El objetivo es garantizar que ni\u00f1os y adolescentes obtengan los beneficios del PAE en la ciudad.<\/span><\/strong><\/p>\n<p><a href=\"https:\/\/contraluzcucuta.co\/wp-content\/uploads\/2024\/05\/ALCALDIA-PAE-11.jpeg\"><img loading=\"lazy\" decoding=\"async\" class=\"alignnone  wp-image-41950 alignleft\" src=\"https:\/\/contraluzcucuta.co\/wp-content\/uploads\/2024\/05\/ALCALDIA-PAE-11-300x200.jpeg\" alt=\"\" width=\"254\" height=\"169\" srcset=\"https:\/\/contraluzcucuta.co\/wp-content\/uploads\/2024\/05\/ALCALDIA-PAE-11-300x200.jpeg 300w, https:\/\/contraluzcucuta.co\/wp-content\/uploads\/2024\/05\/ALCALDIA-PAE-11-600x400.jpeg 600w, https:\/\/contraluzcucuta.co\/wp-content\/uploads\/2024\/05\/ALCALDIA-PAE-11-768x512.jpeg 768w, https:\/\/contraluzcucuta.co\/wp-content\/uploads\/2024\/05\/ALCALDIA-PAE-11-310x205.jpeg 310w, https:\/\/contraluzcucuta.co\/wp-content\/uploads\/2024\/05\/ALCALDIA-PAE-11.jpeg 1024w\" sizes=\"auto, (max-width: 254px) 100vw, 254px\" \/><\/a><\/p>\n<p>As\u00ed lo dio a conocer Luis Fernando Correa Serna, director de la \u00a0UApA, durante la instalaci\u00f3n de la mesa p\u00fablica del Programa de Alimentaci\u00f3n Escolar (PAE). En la actividad el alcalde Jorge Acevedo plante\u00f3 los retos que tiene la educaci\u00f3n, las oportunidades y su deseo de alcanzar la meta de la universalidad del Programa de Alimentaci\u00f3n Escolar para el 2025.<\/p>\n<p>De acuerdo con el reporte del Sistema Integrado de Matricula (SIMAT), con corte a 31 de marzo, el programa llega a 219 sedes educativas, de las cuales 158 son urbanas. Se benefician con el Programa 78.020 estudiantes con cobertura de 73,5 %. Otros 63.717 estudiantes reciben el complemento alimentario (industrializado), mientras que 14.303 toman el almuerzo preparado en sitio.<\/p>\n<p>Correa Serna resalt\u00f3 el papel que cumple la administraci\u00f3n municipal para llegar a la cobertura universal. \u201cNos anima mucho que la ETC C\u00facuta, tenga el reto de avanzar en la universalidad, porque este territorio es de una importancia enorme para el Gobierno\u201d.<\/p>\n<p>Dijo que coincide con el Plan Nacional de Desarrollo (PND), donde se quiere que la comida se prepare en el sitio para que los ni\u00f1os del Programa de Alimentaci\u00f3n Escolar puedan recibirlo desde el primero hasta el \u00faltimo d\u00eda del calendario.<\/p>\n<p>El alcalde Acevedo Pe\u00f1aloza resalt\u00f3 que hay que hacer unos estudios para garantizar la infraestructura educativa. \u201cVamos a organizar para ver c\u00f3mo adaptamos restaurantes en cada una de las sedes educativas\u201d. Con recursos de la Naci\u00f3n y del municipio llegar a la universalidad de los programas de raci\u00f3n preparada en sitio y de alimentos calientes.<\/p>\n<p>\u201cPor ahora vamos a invertir $ 9000 millones para terminar el a\u00f1o\u201d, manifest\u00f3 Acevedo Pe\u00f1aloza. En la ETC C\u00facuta, el calendario acad\u00e9mico comenz\u00f3 el 22 de enero junto con la atenci\u00f3n del PAE. Datos del SIMAT revelan que en la capital de Norte de Santander hay matriculados 113.527 estudiantes en las instituciones oficiales.<\/p>\n","protected":false},"excerpt":{"rendered":"<p>C\u00daCUTA.- $ 28.511,3 millones ha destinado la Unidad de Alimentos para Aprender (UApA), por intermedio del Ministerio de Educaci\u00f3n Nacional, para la ETC C\u00facuta. El objetivo es garantizar que ni\u00f1os y adolescentes obtengan los beneficios del PAE en la ciudad. As\u00ed lo dio a conocer Luis Fernando Correa Serna, director de la \u00a0UApA, durante la &hellip;<\/p>\n","protected":false},"author":1,"featured_media":41949,"comment_status":"open","ping_status":"open","sticky":false,"template":"","format":"standard","meta":{"footnotes":""},"categories":[2625,4],"tags":[226,6306,4450],"class_list":["post-41948","post","type-post","status-publish","format-standard","has-post-thumbnail","hentry","category-alcaldia-de-cucuta","category-barra","tag-alcaldia-de-cucuta","tag-pae-2025","tag-pae-en-cucuta"],"_links":{"self":[{"href":"https:\/\/contraluzcucuta.co\/index.php?rest_route=\/wp\/v2\/posts\/41948","targetHints":{"allow":["GET"]}}],"collection":[{"href":"https:\/\/contraluzcucuta.co\/index.php?rest_route=\/wp\/v2\/posts"}],"about":[{"href":"https:\/\/contraluzcucuta.co\/index.php?rest_route=\/wp\/v2\/types\/post"}],"author":[{"embeddable":true,"href":"https:\/\/contraluzcucuta.co\/index.php?rest_route=\/wp\/v2\/users\/1"}],"replies":[{"embeddable":true,"href":"https:\/\/contraluzcucuta.co\/index.php?rest_route=%2Fwp%2Fv2%2Fcomments&post=41948"}],"version-history":[{"count":1,"href":"https:\/\/contraluzcucuta.co\/index.php?rest_route=\/wp\/v2\/posts\/41948\/revisions"}],"predecessor-version":[{"id":41951,"href":"https:\/\/contraluzcucuta.co\/index.php?rest_route=\/wp\/v2\/posts\/41948\/revisions\/41951"}],"wp:featuredmedia":[{"embeddable":true,"href":"https:\/\/contraluzcucuta.co\/index.php?rest_route=\/wp\/v2\/media\/41949"}],"wp:attachment":[{"href":"https:\/\/contraluzcucuta.co\/index.php?rest_route=%2Fwp%2Fv2%2Fmedia&parent=41948"}],"wp:term":[{"taxonomy":"category","embeddable":true,"href":"https:\/\/contraluzcucuta.co\/index.php?rest_route=%2Fwp%2Fv2%2Fcategories&post=41948"},{"taxonomy":"post_tag","embeddable":true,"href":"https:\/\/contraluzcucuta.co\/index.php?rest_route=%2Fwp%2Fv2%2Ftags&post=41948"}],"curies":[{"name":"wp","href":"https:\/\/api.w.org\/{rel}","templated":true}]}}