{"id":41944,"date":"2024-05-17T04:58:38","date_gmt":"2024-05-17T09:58:38","guid":{"rendered":"https:\/\/contraluzcucuta.co\/?p=41944"},"modified":"2024-05-17T04:58:38","modified_gmt":"2024-05-17T09:58:38","slug":"miaff-2024-sesion-ordinaria-para-analizar-iniciativas","status":"publish","type":"post","link":"https:\/\/contraluzcucuta.co\/?p=41944","title":{"rendered":"MIAFF 2024. Sesi\u00f3n ordinaria para analizar iniciativas"},"content":{"rendered":"<p style=\"padding-left: 40px; text-align: right;\"><strong><span style=\"color: #ff9900;\">C\u00daCUTA.- Durante la primera sesi\u00f3n ordinaria de la Mesa de Infancia, Adolescencia y Fortalecimiento Familiar (MIAFF 2024) se conocieron las acciones adelantadas para ofrecer atenci\u00f3n al Pueblo Bar\u00ed, la conmemoraci\u00f3n del Mes de la Ni\u00f1ez y las iniciativas planteadas en el Plan de Desarrollo en temas de ni\u00f1os y adolescentes.<\/span><\/strong><\/p>\n<p><a href=\"https:\/\/contraluzcucuta.co\/wp-content\/uploads\/2024\/05\/GOBERNACION-MIAFF-2024-2-scaled.jpg\"><img loading=\"lazy\" decoding=\"async\" class=\"alignnone  wp-image-41946 alignleft\" src=\"https:\/\/contraluzcucuta.co\/wp-content\/uploads\/2024\/05\/GOBERNACION-MIAFF-2024-2-300x204.jpg\" alt=\"\" width=\"249\" height=\"169\" srcset=\"https:\/\/contraluzcucuta.co\/wp-content\/uploads\/2024\/05\/GOBERNACION-MIAFF-2024-2-300x204.jpg 300w, https:\/\/contraluzcucuta.co\/wp-content\/uploads\/2024\/05\/GOBERNACION-MIAFF-2024-2-600x408.jpg 600w, https:\/\/contraluzcucuta.co\/wp-content\/uploads\/2024\/05\/GOBERNACION-MIAFF-2024-2-1024x697.jpg 1024w, https:\/\/contraluzcucuta.co\/wp-content\/uploads\/2024\/05\/GOBERNACION-MIAFF-2024-2-768x523.jpg 768w, https:\/\/contraluzcucuta.co\/wp-content\/uploads\/2024\/05\/GOBERNACION-MIAFF-2024-2-1536x1045.jpg 1536w, https:\/\/contraluzcucuta.co\/wp-content\/uploads\/2024\/05\/GOBERNACION-MIAFF-2024-2-2048x1394.jpg 2048w, https:\/\/contraluzcucuta.co\/wp-content\/uploads\/2024\/05\/GOBERNACION-MIAFF-2024-2-110x75.jpg 110w\" sizes=\"auto, (max-width: 249px) 100vw, 249px\" \/><\/a><\/p>\n<p>En la reuni\u00f3n se revis\u00f3 el cumplimiento de los compromisos adquiridos en la sesi\u00f3n extraordinaria del 9 de febrero, informe t\u00e9cnico presentado por el Instituto Departamental de Salud, las Consejer\u00edas de Etnias y de Infancia, Adolescencia y Familia, y la Oficina Asesora en Programas de Seguridad Alimentaria y Nutrici\u00f3n.<\/p>\n<p>Se socializaron las acciones adelantadas, en abril, en desarrollo de la estrategia nacional Br\u00fajula 2024 para la conmemoraci\u00f3n del Mes de la Ni\u00f1ez. La labor fue articulada con la gestora social Cecilia Soler, las iniciativas preliminares contempladas en el Plan de Desarrollo 2024 \u2013 2027 cap\u00edtulo de ni\u00f1ez, y la matriz del plan de acci\u00f3n contemplada para el cuatrienio.<\/p>\n<p>\u201cSe desarrollar\u00e1 una mesa de trabajo con secretar\u00edas, institutos descentralizados y entidades para revisar los indicadores y las metas del Plan de Desarrollo\u201d, dijo, Frank Garc\u00eda Rol\u00f3n, secretario de Desarrollo Social. El prop\u00f3sito ser\u00e1 determinar las acciones necesarias para dar cumplimiento oportuno a planes, proyectos y programas que apunten a mejorar la calidad de ni\u00f1os, adolescentes y familias.<\/p>\n<p>La MIAFF est\u00e1 conformada por secretar\u00edas e institutos descentralizados de la Gobernaci\u00f3n de Norte de Santander, Defensor\u00eda del Pueblo, Procuradur\u00eda, la Polic\u00eda Departamental de Norte de Santander, Polic\u00eda Metropolitana de C\u00facuta, Comfanorte, Comfaoriente, ICBF, Registradur\u00eda Nacional del Estado Civil, Departamento de Prosperidad Social, Unicef y ONG.<\/p>\n<p>Claudia Lizeth Vesga Silva \u2013 Prensa Gobernaci\u00f3n<\/p>\n","protected":false},"excerpt":{"rendered":"<p>C\u00daCUTA.- Durante la primera sesi\u00f3n ordinaria de la Mesa de Infancia, Adolescencia y Fortalecimiento Familiar (MIAFF 2024) se conocieron las acciones adelantadas para ofrecer atenci\u00f3n al Pueblo Bar\u00ed, la conmemoraci\u00f3n del Mes de la Ni\u00f1ez y las iniciativas planteadas en el Plan de Desarrollo en temas de ni\u00f1os y adolescentes. En la reuni\u00f3n se revis\u00f3 &hellip;<\/p>\n","protected":false},"author":1,"featured_media":41945,"comment_status":"open","ping_status":"open","sticky":false,"template":"","format":"standard","meta":{"footnotes":""},"categories":[4,36],"tags":[4532,6305,366],"class_list":["post-41944","post","type-post","status-publish","format-standard","has-post-thumbnail","hentry","category-barra","category-la-voz-del-pueblo","tag-mes-de-la-ninez","tag-miaff-2024","tag-secretaria-de-desarrollo-social-de-norte-de-santander"],"_links":{"self":[{"href":"https:\/\/contraluzcucuta.co\/index.php?rest_route=\/wp\/v2\/posts\/41944","targetHints":{"allow":["GET"]}}],"collection":[{"href":"https:\/\/contraluzcucuta.co\/index.php?rest_route=\/wp\/v2\/posts"}],"about":[{"href":"https:\/\/contraluzcucuta.co\/index.php?rest_route=\/wp\/v2\/types\/post"}],"author":[{"embeddable":true,"href":"https:\/\/contraluzcucuta.co\/index.php?rest_route=\/wp\/v2\/users\/1"}],"replies":[{"embeddable":true,"href":"https:\/\/contraluzcucuta.co\/index.php?rest_route=%2Fwp%2Fv2%2Fcomments&post=41944"}],"version-history":[{"count":1,"href":"https:\/\/contraluzcucuta.co\/index.php?rest_route=\/wp\/v2\/posts\/41944\/revisions"}],"predecessor-version":[{"id":41947,"href":"https:\/\/contraluzcucuta.co\/index.php?rest_route=\/wp\/v2\/posts\/41944\/revisions\/41947"}],"wp:featuredmedia":[{"embeddable":true,"href":"https:\/\/contraluzcucuta.co\/index.php?rest_route=\/wp\/v2\/media\/41945"}],"wp:attachment":[{"href":"https:\/\/contraluzcucuta.co\/index.php?rest_route=%2Fwp%2Fv2%2Fmedia&parent=41944"}],"wp:term":[{"taxonomy":"category","embeddable":true,"href":"https:\/\/contraluzcucuta.co\/index.php?rest_route=%2Fwp%2Fv2%2Fcategories&post=41944"},{"taxonomy":"post_tag","embeddable":true,"href":"https:\/\/contraluzcucuta.co\/index.php?rest_route=%2Fwp%2Fv2%2Ftags&post=41944"}],"curies":[{"name":"wp","href":"https:\/\/api.w.org\/{rel}","templated":true}]}}