{"id":41938,"date":"2024-05-17T04:30:14","date_gmt":"2024-05-17T09:30:14","guid":{"rendered":"https:\/\/contraluzcucuta.co\/?p=41938"},"modified":"2024-05-17T04:30:14","modified_gmt":"2024-05-17T09:30:14","slug":"acicam-calzado-nortesantandereano-viaja-a-guatemala-y-ecuador","status":"publish","type":"post","link":"https:\/\/contraluzcucuta.co\/?p=41938","title":{"rendered":"ACICAM. Calzado nortesantandereano viaja a Guatemala y Ecuador"},"content":{"rendered":"<p style=\"padding-left: 40px; text-align: right;\"><strong><span style=\"color: #ff9900;\">C\u00daCUTA.- La falta de respuesta del mercado nacional les plantea a los productores de calzado el reto de incursionar en vitrinas extranjeras. El director ejecutivo de ACICAM, Guillermo Rangel, dijo que el principal desaf\u00edo del sector es la internacionalizaci\u00f3n. Las oportunidades pueden surgir en ferias internacionales especializadas en calzado, marroquiner\u00eda y prendas de vestir en cuero.<\/span><\/strong><\/p>\n<p>La junta directiva de la Asociaci\u00f3n Colombiana de Industriales del Calzado, el Cuero y sus Manufacturas, se reuni\u00f3 con el secretario de Desarrollo Econ\u00f3mico y Productividad, Olger L\u00f3pez. El funcionario, en representaci\u00f3n del gobernador William Villamizar, ratific\u00f3 el respaldo con recursos a ese sector productivo en ferias, ruedas de negocios y misiones internacionales.<\/p>\n<p>\u201cDesde la Gobernaci\u00f3n queremos potenciar la visibilidad de nuestro calzado, buscando oportunidades en estas l\u00edneas estrat\u00e9gicas para aumentar la productividad de este importante sector de la econom\u00eda nortesantandereana\u00bb, expres\u00f3 L\u00f3pez.<\/p>\n<p>Rangel dijo que mantener relaciones a largo plazo con clientes internacionales puede generar empleo formal y posicionar a C\u00facuta como ciudad destacada en la producci\u00f3n de calzado. Se recalc\u00f3 en el inter\u00e9s por incursionar en los mercados de Guatemala y Ecuador, y se revel\u00f3 que este primer semestre del a\u00f1o ha sido dif\u00edcil para los empresarios del calzado.<\/p>\n<p>Isabel Obando \u2013 Prensa Gobernaci\u00f3n<\/p>\n","protected":false},"excerpt":{"rendered":"<p>C\u00daCUTA.- La falta de respuesta del mercado nacional les plantea a los productores de calzado el reto de incursionar en vitrinas extranjeras. El director ejecutivo de ACICAM, Guillermo Rangel, dijo que el principal desaf\u00edo del sector es la internacionalizaci\u00f3n. Las oportunidades pueden surgir en ferias internacionales especializadas en calzado, marroquiner\u00eda y prendas de vestir en &hellip;<\/p>\n","protected":false},"author":1,"featured_media":41939,"comment_status":"open","ping_status":"open","sticky":false,"template":"","format":"standard","meta":{"footnotes":""},"categories":[4,6],"tags":[4437,4436,379],"class_list":["post-41938","post","type-post","status-publish","format-standard","has-post-thumbnail","hentry","category-barra","category-ojo-avizor","tag-acicam","tag-calzado-cucuteno","tag-gobernacion-de-norte-de-santander"],"_links":{"self":[{"href":"https:\/\/contraluzcucuta.co\/index.php?rest_route=\/wp\/v2\/posts\/41938","targetHints":{"allow":["GET"]}}],"collection":[{"href":"https:\/\/contraluzcucuta.co\/index.php?rest_route=\/wp\/v2\/posts"}],"about":[{"href":"https:\/\/contraluzcucuta.co\/index.php?rest_route=\/wp\/v2\/types\/post"}],"author":[{"embeddable":true,"href":"https:\/\/contraluzcucuta.co\/index.php?rest_route=\/wp\/v2\/users\/1"}],"replies":[{"embeddable":true,"href":"https:\/\/contraluzcucuta.co\/index.php?rest_route=%2Fwp%2Fv2%2Fcomments&post=41938"}],"version-history":[{"count":1,"href":"https:\/\/contraluzcucuta.co\/index.php?rest_route=\/wp\/v2\/posts\/41938\/revisions"}],"predecessor-version":[{"id":41940,"href":"https:\/\/contraluzcucuta.co\/index.php?rest_route=\/wp\/v2\/posts\/41938\/revisions\/41940"}],"wp:featuredmedia":[{"embeddable":true,"href":"https:\/\/contraluzcucuta.co\/index.php?rest_route=\/wp\/v2\/media\/41939"}],"wp:attachment":[{"href":"https:\/\/contraluzcucuta.co\/index.php?rest_route=%2Fwp%2Fv2%2Fmedia&parent=41938"}],"wp:term":[{"taxonomy":"category","embeddable":true,"href":"https:\/\/contraluzcucuta.co\/index.php?rest_route=%2Fwp%2Fv2%2Fcategories&post=41938"},{"taxonomy":"post_tag","embeddable":true,"href":"https:\/\/contraluzcucuta.co\/index.php?rest_route=%2Fwp%2Fv2%2Ftags&post=41938"}],"curies":[{"name":"wp","href":"https:\/\/api.w.org\/{rel}","templated":true}]}}