{"id":41924,"date":"2024-05-16T04:10:46","date_gmt":"2024-05-16T09:10:46","guid":{"rendered":"https:\/\/contraluzcucuta.co\/?p=41924"},"modified":"2024-05-16T04:10:46","modified_gmt":"2024-05-16T09:10:46","slug":"monsenor-jose-garces-la-ciudad-esta-muy-violenta-quien-fabrica-ese-mal","status":"publish","type":"post","link":"https:\/\/contraluzcucuta.co\/?p=41924","title":{"rendered":"MONSE\u00d1OR JOS\u00c9 GARC\u00c9S. La ciudad est\u00e1 muy violenta. \u00bfQui\u00e9n fabrica ese mal?"},"content":{"rendered":"<p style=\"padding-left: 40px; text-align: right;\"><strong><span style=\"color: #ff9900;\">C\u00daCUTA.- \u201cAsistimos en el momento actual a una ciudad que est\u00e1 muy violenta\u201d, dijo monse\u00f1or Jos\u00e9 Libardo Garc\u00e9s, obispo de C\u00facuta, en la homil\u00eda de la eucarist\u00eda celebrada con ocasi\u00f3n del D\u00eda del Maestro. \u201cHay mucha inseguridad, muchas dificultades que se propagan por los barrios cucute\u00f1os\u201d, se\u00f1al\u00f3 ante decenas de docentes que se congregaron en la Catedral de San Jos\u00e9.<\/span><\/strong><\/p>\n<p><a href=\"https:\/\/contraluzcucuta.co\/wp-content\/uploads\/2024\/05\/DIA-DEL-MAESTRO-1.jpg\"><img loading=\"lazy\" decoding=\"async\" class=\"alignnone  wp-image-41926 alignleft\" src=\"https:\/\/contraluzcucuta.co\/wp-content\/uploads\/2024\/05\/DIA-DEL-MAESTRO-1-300x225.jpg\" alt=\"\" width=\"247\" height=\"185\" srcset=\"https:\/\/contraluzcucuta.co\/wp-content\/uploads\/2024\/05\/DIA-DEL-MAESTRO-1-300x225.jpg 300w, https:\/\/contraluzcucuta.co\/wp-content\/uploads\/2024\/05\/DIA-DEL-MAESTRO-1-600x450.jpg 600w, https:\/\/contraluzcucuta.co\/wp-content\/uploads\/2024\/05\/DIA-DEL-MAESTRO-1-1024x768.jpg 1024w, https:\/\/contraluzcucuta.co\/wp-content\/uploads\/2024\/05\/DIA-DEL-MAESTRO-1-768x576.jpg 768w, https:\/\/contraluzcucuta.co\/wp-content\/uploads\/2024\/05\/DIA-DEL-MAESTRO-1-1536x1152.jpg 1536w, https:\/\/contraluzcucuta.co\/wp-content\/uploads\/2024\/05\/DIA-DEL-MAESTRO-1.jpg 1600w\" sizes=\"auto, (max-width: 247px) 100vw, 247px\" \/><\/a><\/p>\n<p>Monse\u00f1or Garc\u00e9s pregunt\u00f3 \u201c\u00bfqui\u00e9n fabrica ese mal? \u00bfQui\u00e9n construye esa violencia? \u00bfQui\u00e9n deteriora tanto la sociedad?\u201d. En silencio, rectores y profesores de distintos colegios cucute\u00f1os escucharon al prelado contestarse a esos interrogantes.<\/p>\n<p>\u201cLa respuesta es: es un hijo de familia. Es un hijo de pap\u00e1 y mam\u00e1. Es un hijo que un d\u00eda estuvo en unas aulas de cualquier instituci\u00f3n\u201d. El Obispo indico que esas respuestas tienen que llevar a sembrar en ni\u00f1os y j\u00f3venes el bien, la justicia, la paz, el perd\u00f3n y la reconciliaci\u00f3n.<\/p>\n<p>Explic\u00f3 que, de esa manera, \u201cdentro de 20 a\u00f1os esos ni\u00f1os y j\u00f3venes de hoy ser\u00e1n quienes edifiquen esta ciudad en el bien y nos puedan proporcionar un ambiente m\u00e1s seguro y menos violento en nuestro entorno\u201d.<\/p>\n<p>Monse\u00f1or Jos\u00e9 Libardo inst\u00f3 a los docentes a cumplir con la misi\u00f3n, que es tambi\u00e9n vocaci\u00f3n, de formar y educar a ni\u00f1os y j\u00f3venes de C\u00facuta y Norte de Santander. \u201cEsa tarea formativa Dios la ha puesto en sus manos\u201d.<\/p>\n<p><a href=\"https:\/\/contraluzcucuta.co\/wp-content\/uploads\/2024\/05\/DIA-DEL-MAESTRO-3.jpg\"><img loading=\"lazy\" decoding=\"async\" class=\"alignnone  wp-image-41927 alignleft\" src=\"https:\/\/contraluzcucuta.co\/wp-content\/uploads\/2024\/05\/DIA-DEL-MAESTRO-3-300x225.jpg\" alt=\"\" width=\"248\" height=\"186\" srcset=\"https:\/\/contraluzcucuta.co\/wp-content\/uploads\/2024\/05\/DIA-DEL-MAESTRO-3-300x225.jpg 300w, https:\/\/contraluzcucuta.co\/wp-content\/uploads\/2024\/05\/DIA-DEL-MAESTRO-3-600x450.jpg 600w, https:\/\/contraluzcucuta.co\/wp-content\/uploads\/2024\/05\/DIA-DEL-MAESTRO-3-1024x768.jpg 1024w, https:\/\/contraluzcucuta.co\/wp-content\/uploads\/2024\/05\/DIA-DEL-MAESTRO-3-768x576.jpg 768w, https:\/\/contraluzcucuta.co\/wp-content\/uploads\/2024\/05\/DIA-DEL-MAESTRO-3-1536x1152.jpg 1536w, https:\/\/contraluzcucuta.co\/wp-content\/uploads\/2024\/05\/DIA-DEL-MAESTRO-3.jpg 1600w\" sizes=\"auto, (max-width: 248px) 100vw, 248px\" \/><\/a><\/p>\n<p>Indic\u00f3 que al maestro se le conf\u00edan unos ni\u00f1os, unos adolescentes y unos j\u00f3venes para educarlos, para conducirlos, para custodiarlos, para protegerlos, para construir en ellos personas, familias y sociedad para el ma\u00f1ana.<\/p>\n<p>\u201cLa tarea educativa se construye como una misi\u00f3n en la que se les ense\u00f1a con la ciencia y el conocimiento que tienen ustedes, y con la sabidur\u00eda del Esp\u00edritu Santo se ense\u00f1a el amor que se siembra en el coraz\u00f3n de los ni\u00f1os y los j\u00f3venes\u201d.<\/p>\n<p>Dijo que ning\u00fan pap\u00e1 ni ninguna mam\u00e1 quiere que su hijo sea malo, el peor, el que hace da\u00f1o a la sociedad. \u201cNing\u00fan maestro o rector quiere tener entre sus alumnos al peor, quieren tener al mejor\u201d.<\/p>\n","protected":false},"excerpt":{"rendered":"<p>C\u00daCUTA.- \u201cAsistimos en el momento actual a una ciudad que est\u00e1 muy violenta\u201d, dijo monse\u00f1or Jos\u00e9 Libardo Garc\u00e9s, obispo de C\u00facuta, en la homil\u00eda de la eucarist\u00eda celebrada con ocasi\u00f3n del D\u00eda del Maestro. \u201cHay mucha inseguridad, muchas dificultades que se propagan por los barrios cucute\u00f1os\u201d, se\u00f1al\u00f3 ante decenas de docentes que se congregaron en &hellip;<\/p>\n","protected":false},"author":1,"featured_media":41925,"comment_status":"open","ping_status":"open","sticky":false,"template":"","format":"standard","meta":{"footnotes":""},"categories":[11,4],"tags":[8,3524,323,5153,163],"class_list":["post-41924","post","type-post","status-publish","format-standard","has-post-thumbnail","hentry","category-cronica-roja","category-barra","tag-diocesis-de-cucuta","tag-inseguridad-en-cucuta","tag-mecuc","tag-monsenor-jose-libardo-garces","tag-policia-metropolitana"],"_links":{"self":[{"href":"https:\/\/contraluzcucuta.co\/index.php?rest_route=\/wp\/v2\/posts\/41924","targetHints":{"allow":["GET"]}}],"collection":[{"href":"https:\/\/contraluzcucuta.co\/index.php?rest_route=\/wp\/v2\/posts"}],"about":[{"href":"https:\/\/contraluzcucuta.co\/index.php?rest_route=\/wp\/v2\/types\/post"}],"author":[{"embeddable":true,"href":"https:\/\/contraluzcucuta.co\/index.php?rest_route=\/wp\/v2\/users\/1"}],"replies":[{"embeddable":true,"href":"https:\/\/contraluzcucuta.co\/index.php?rest_route=%2Fwp%2Fv2%2Fcomments&post=41924"}],"version-history":[{"count":1,"href":"https:\/\/contraluzcucuta.co\/index.php?rest_route=\/wp\/v2\/posts\/41924\/revisions"}],"predecessor-version":[{"id":41928,"href":"https:\/\/contraluzcucuta.co\/index.php?rest_route=\/wp\/v2\/posts\/41924\/revisions\/41928"}],"wp:featuredmedia":[{"embeddable":true,"href":"https:\/\/contraluzcucuta.co\/index.php?rest_route=\/wp\/v2\/media\/41925"}],"wp:attachment":[{"href":"https:\/\/contraluzcucuta.co\/index.php?rest_route=%2Fwp%2Fv2%2Fmedia&parent=41924"}],"wp:term":[{"taxonomy":"category","embeddable":true,"href":"https:\/\/contraluzcucuta.co\/index.php?rest_route=%2Fwp%2Fv2%2Fcategories&post=41924"},{"taxonomy":"post_tag","embeddable":true,"href":"https:\/\/contraluzcucuta.co\/index.php?rest_route=%2Fwp%2Fv2%2Ftags&post=41924"}],"curies":[{"name":"wp","href":"https:\/\/api.w.org\/{rel}","templated":true}]}}