{"id":41901,"date":"2024-05-14T04:13:40","date_gmt":"2024-05-14T09:13:40","guid":{"rendered":"https:\/\/contraluzcucuta.co\/?p=41901"},"modified":"2024-05-14T04:13:40","modified_gmt":"2024-05-14T09:13:40","slug":"centro-tecnologico-lista-la-semana-del-emprendimiento","status":"publish","type":"post","link":"https:\/\/contraluzcucuta.co\/?p=41901","title":{"rendered":"CENTRO TECNOL\u00d3GICO. Lista la Semana del Emprendimiento"},"content":{"rendered":"<p style=\"padding-left: 40px; text-align: right;\"><strong><span style=\"color: #ff9900;\">C\u00daCUTA.- El emprendimiento se tomar\u00e1 al Centro Tecnol\u00f3gico de C\u00facuta, entre el 15 y el 17 de mayo. Estudiantes, egresados, administrativos y comunidad conocer\u00e1n de cerca las tendencias en emprendimiento y las historias de vida de los empresarios de la regi\u00f3n. Los estudiantes de los programas t\u00e9cnicos ser\u00e1n los protagonistas al dar a conocer ideas de negocios en las diferentes etapas de crecimiento.<\/span><\/strong><\/p>\n<p>En el CTC estar\u00e1n, el 15 de mayo, los expertos William Correa, propietario de perfumes Zoey, abogado, especialista en gerencia y magister en alto rendimiento deportivo; Jos\u00e9 Nicol\u00e1s Pineda, gerente de Taxsatel y economista de la UIS, y Joe Goderre, CEO Express Yourself de la academia de ingl\u00e9s.<\/p>\n<p>La trayectoria de los empresarios permitir\u00e1 aprender de las experiencias, los aciertos y los desaciertos al emprender.<\/p>\n<p>El 16 de mayo, ser\u00e1 la muestra empresarial, a partir de las 9:00 de la ma\u00f1ana, y el 17, actividades deportivas y cierre del evento.<\/p>\n<p>Estas jornadas estar\u00e1n cargadas de historias de vida, conversatorios y torneos de voleibol y tenis de mesa.<\/p>\n<p>Alrededor de 80 emprendimientos se ver\u00e1n en la muestra y podr\u00e1n concretarse alianzas estrat\u00e9gicas para los negocios. El l\u00edder de emprendimiento Diego Rodr\u00edguez dijo que estos espacios permiten que los j\u00f3venes de C\u00facuta se involucren y se apasionen por formar empresas. Al egresar, podr\u00e1n ofrecer los productos.<\/p>\n<p>El CTC, de esta manera, se convierte en incubadora de proyectos y fortalece a los emprendedores para el futuro a mediano plazo.<\/p>\n","protected":false},"excerpt":{"rendered":"<p>C\u00daCUTA.- El emprendimiento se tomar\u00e1 al Centro Tecnol\u00f3gico de C\u00facuta, entre el 15 y el 17 de mayo. Estudiantes, egresados, administrativos y comunidad conocer\u00e1n de cerca las tendencias en emprendimiento y las historias de vida de los empresarios de la regi\u00f3n. Los estudiantes de los programas t\u00e9cnicos ser\u00e1n los protagonistas al dar a conocer ideas &hellip;<\/p>\n","protected":false},"author":1,"featured_media":41902,"comment_status":"open","ping_status":"open","sticky":false,"template":"","format":"standard","meta":{"footnotes":""},"categories":[2625,4,37],"tags":[2945,6300],"class_list":["post-41901","post","type-post","status-publish","format-standard","has-post-thumbnail","hentry","category-alcaldia-de-cucuta","category-barra","category-paseo-cultural","tag-centro-tecnologico-de-cucuta","tag-semana-del-emprendimiento"],"_links":{"self":[{"href":"https:\/\/contraluzcucuta.co\/index.php?rest_route=\/wp\/v2\/posts\/41901","targetHints":{"allow":["GET"]}}],"collection":[{"href":"https:\/\/contraluzcucuta.co\/index.php?rest_route=\/wp\/v2\/posts"}],"about":[{"href":"https:\/\/contraluzcucuta.co\/index.php?rest_route=\/wp\/v2\/types\/post"}],"author":[{"embeddable":true,"href":"https:\/\/contraluzcucuta.co\/index.php?rest_route=\/wp\/v2\/users\/1"}],"replies":[{"embeddable":true,"href":"https:\/\/contraluzcucuta.co\/index.php?rest_route=%2Fwp%2Fv2%2Fcomments&post=41901"}],"version-history":[{"count":1,"href":"https:\/\/contraluzcucuta.co\/index.php?rest_route=\/wp\/v2\/posts\/41901\/revisions"}],"predecessor-version":[{"id":41903,"href":"https:\/\/contraluzcucuta.co\/index.php?rest_route=\/wp\/v2\/posts\/41901\/revisions\/41903"}],"wp:featuredmedia":[{"embeddable":true,"href":"https:\/\/contraluzcucuta.co\/index.php?rest_route=\/wp\/v2\/media\/41902"}],"wp:attachment":[{"href":"https:\/\/contraluzcucuta.co\/index.php?rest_route=%2Fwp%2Fv2%2Fmedia&parent=41901"}],"wp:term":[{"taxonomy":"category","embeddable":true,"href":"https:\/\/contraluzcucuta.co\/index.php?rest_route=%2Fwp%2Fv2%2Fcategories&post=41901"},{"taxonomy":"post_tag","embeddable":true,"href":"https:\/\/contraluzcucuta.co\/index.php?rest_route=%2Fwp%2Fv2%2Ftags&post=41901"}],"curies":[{"name":"wp","href":"https:\/\/api.w.org\/{rel}","templated":true}]}}