{"id":41893,"date":"2024-05-14T03:45:53","date_gmt":"2024-05-14T08:45:53","guid":{"rendered":"https:\/\/contraluzcucuta.co\/?p=41893"},"modified":"2024-05-14T03:47:56","modified_gmt":"2024-05-14T08:47:56","slug":"variante-la-floresta-lista-para-entregarla-a-la-comunidad","status":"publish","type":"post","link":"https:\/\/contraluzcucuta.co\/?p=41893","title":{"rendered":"VARIANTE LA FLORESTA. Lista para entregarla a la comunidad"},"content":{"rendered":"<p style=\"padding-left: 40px; text-align: right;\"><strong><span style=\"color: #ff9900;\">C\u00daCUTA.- La Variante La Floresta, que comunica a Pinar del R\u00edo con el hogar Santa Rosa de Lima (Los Patios), est\u00e1 lista para entregarse a la comunidad. El tramo, que en \u00e9poca reciente presentaba huecos en los dos sentidos, hoy est\u00e1 reparado y en condiciones \u00f3ptimas para el tr\u00e1nsito vehicular.<\/span><\/strong><\/p>\n<p><a href=\"https:\/\/contraluzcucuta.co\/wp-content\/uploads\/2024\/05\/CALZADA-SANTA-ROSA-DE-LIMA-1.jpg\"><img loading=\"lazy\" decoding=\"async\" class=\"alignnone wp-image-41895 alignleft\" src=\"https:\/\/contraluzcucuta.co\/wp-content\/uploads\/2024\/05\/CALZADA-SANTA-ROSA-DE-LIMA-1-293x300.jpg\" alt=\"\" width=\"246\" height=\"252\" srcset=\"https:\/\/contraluzcucuta.co\/wp-content\/uploads\/2024\/05\/CALZADA-SANTA-ROSA-DE-LIMA-1-293x300.jpg 293w, https:\/\/contraluzcucuta.co\/wp-content\/uploads\/2024\/05\/CALZADA-SANTA-ROSA-DE-LIMA-1-600x614.jpg 600w, https:\/\/contraluzcucuta.co\/wp-content\/uploads\/2024\/05\/CALZADA-SANTA-ROSA-DE-LIMA-1-768x786.jpg 768w, https:\/\/contraluzcucuta.co\/wp-content\/uploads\/2024\/05\/CALZADA-SANTA-ROSA-DE-LIMA-1.jpg 833w\" sizes=\"auto, (max-width: 246px) 100vw, 246px\" \/><\/a><\/p>\n<p>La reparaci\u00f3n comenz\u00f3 en la administraci\u00f3n departamental encabezada por Silvano Serrano y la concluy\u00f3 William Villamizar. El recorrido es placentero y los beneficiados ser\u00e1n los conductores que van a las urbanizaciones construidas a lado de la v\u00eda, los visitantes de los m\u00faltiples negocios de comidas y los usuarios de las estaciones de servicios.<\/p>\n<p>\u201cNos alegra poderla entregar, porque va a mejorar la movilidad en ese sector\u201d, dijo Villamizar Laguado.<\/p>\n<p>Otro aspecto destacado con los trabajos es la seguridad. Por las dificultades que originaban los baches, el paso por el sector era lento y pon\u00eda en riesgo a conductores y pasajeros.<\/p>\n<p>El gobernador William Villamizar anunci\u00f3 que a la par de la entrega de esta calzada, adelantar\u00e1 una jornada de trabajo junto al ministro de Transporte, William Camargo, para revisar los tramos Pamplona \u2013 Bucaramanga, C\u00facuta \u2013 Oca\u00f1a, Troncal de El Catatumbo, La Soberan\u00eda y el Tren del Catatumbo.<\/p>\n<p>Tambi\u00e9n, se llevar\u00e1 a cabo una visita t\u00e9cnica a las labores de mejoramiento en la v\u00eda Astilleros \u2013 Tib\u00fa, que incluyen pavimentaci\u00f3n y obras complementarias. Adem\u00e1s, se revisar\u00e1n los trabajos en las v\u00edas de Pueblos Occidente y Chin\u00e1cota \u2013 Toledo.<\/p>\n","protected":false},"excerpt":{"rendered":"<p>C\u00daCUTA.- La Variante La Floresta, que comunica a Pinar del R\u00edo con el hogar Santa Rosa de Lima (Los Patios), est\u00e1 lista para entregarse a la comunidad. El tramo, que en \u00e9poca reciente presentaba huecos en los dos sentidos, hoy est\u00e1 reparado y en condiciones \u00f3ptimas para el tr\u00e1nsito vehicular. La reparaci\u00f3n comenz\u00f3 en la &hellip;<\/p>\n","protected":false},"author":1,"featured_media":41894,"comment_status":"open","ping_status":"open","sticky":false,"template":"","format":"standard","meta":{"footnotes":""},"categories":[4,36],"tags":[379,6296,6297],"class_list":["post-41893","post","type-post","status-publish","format-standard","has-post-thumbnail","hentry","category-barra","category-la-voz-del-pueblo","tag-gobernacion-de-norte-de-santander","tag-variante-la-floresta","tag-vias-regionales"],"_links":{"self":[{"href":"https:\/\/contraluzcucuta.co\/index.php?rest_route=\/wp\/v2\/posts\/41893","targetHints":{"allow":["GET"]}}],"collection":[{"href":"https:\/\/contraluzcucuta.co\/index.php?rest_route=\/wp\/v2\/posts"}],"about":[{"href":"https:\/\/contraluzcucuta.co\/index.php?rest_route=\/wp\/v2\/types\/post"}],"author":[{"embeddable":true,"href":"https:\/\/contraluzcucuta.co\/index.php?rest_route=\/wp\/v2\/users\/1"}],"replies":[{"embeddable":true,"href":"https:\/\/contraluzcucuta.co\/index.php?rest_route=%2Fwp%2Fv2%2Fcomments&post=41893"}],"version-history":[{"count":1,"href":"https:\/\/contraluzcucuta.co\/index.php?rest_route=\/wp\/v2\/posts\/41893\/revisions"}],"predecessor-version":[{"id":41896,"href":"https:\/\/contraluzcucuta.co\/index.php?rest_route=\/wp\/v2\/posts\/41893\/revisions\/41896"}],"wp:featuredmedia":[{"embeddable":true,"href":"https:\/\/contraluzcucuta.co\/index.php?rest_route=\/wp\/v2\/media\/41894"}],"wp:attachment":[{"href":"https:\/\/contraluzcucuta.co\/index.php?rest_route=%2Fwp%2Fv2%2Fmedia&parent=41893"}],"wp:term":[{"taxonomy":"category","embeddable":true,"href":"https:\/\/contraluzcucuta.co\/index.php?rest_route=%2Fwp%2Fv2%2Fcategories&post=41893"},{"taxonomy":"post_tag","embeddable":true,"href":"https:\/\/contraluzcucuta.co\/index.php?rest_route=%2Fwp%2Fv2%2Ftags&post=41893"}],"curies":[{"name":"wp","href":"https:\/\/api.w.org\/{rel}","templated":true}]}}