{"id":41875,"date":"2024-05-10T04:52:50","date_gmt":"2024-05-10T09:52:50","guid":{"rendered":"https:\/\/contraluzcucuta.co\/?p=41875"},"modified":"2024-05-10T04:52:50","modified_gmt":"2024-05-10T09:52:50","slug":"cucuta-perseverante-concejo-estudia-plan-de-desarrollo","status":"publish","type":"post","link":"https:\/\/contraluzcucuta.co\/?p=41875","title":{"rendered":"C\u00daCUTA PERSEVERANTE. Concejo estudia Plan de Desarrollo"},"content":{"rendered":"<p style=\"padding-left: 40px; text-align: right;\"><strong><span style=\"color: #ff9900;\">C\u00daCUTA.- El Pilar program\u00e1tico: Compromiso social con la inclusi\u00f3n y los derechos de la gente, tendr\u00e1 ocupados hoy a los 10 concejales de C\u00facuta, integrantes de la Comisi\u00f3n del Plan. El grupo de trabajo recibi\u00f3 del alcalde Jorge Enrique Acevedo el Plan de Desarrollo para el cuatrienio 2024-2027.<\/span><\/strong><\/p>\n<figure id=\"attachment_41877\" aria-describedby=\"caption-attachment-41877\" style=\"width: 248px\" class=\"wp-caption alignleft\"><a href=\"https:\/\/contraluzcucuta.co\/wp-content\/uploads\/2024\/05\/CONCEJO-1.jpg\"><img loading=\"lazy\" decoding=\"async\" class=\" wp-image-41877\" src=\"https:\/\/contraluzcucuta.co\/wp-content\/uploads\/2024\/05\/CONCEJO-1-300x225.jpg\" alt=\"\" width=\"248\" height=\"186\" srcset=\"https:\/\/contraluzcucuta.co\/wp-content\/uploads\/2024\/05\/CONCEJO-1-300x225.jpg 300w, https:\/\/contraluzcucuta.co\/wp-content\/uploads\/2024\/05\/CONCEJO-1-600x450.jpg 600w, https:\/\/contraluzcucuta.co\/wp-content\/uploads\/2024\/05\/CONCEJO-1-1024x768.jpg 1024w, https:\/\/contraluzcucuta.co\/wp-content\/uploads\/2024\/05\/CONCEJO-1-768x576.jpg 768w, https:\/\/contraluzcucuta.co\/wp-content\/uploads\/2024\/05\/CONCEJO-1-1536x1152.jpg 1536w, https:\/\/contraluzcucuta.co\/wp-content\/uploads\/2024\/05\/CONCEJO-1.jpg 1600w\" sizes=\"auto, (max-width: 248px) 100vw, 248px\" \/><\/a><figcaption id=\"caption-attachment-41877\" class=\"wp-caption-text\"><em>Foto: contraluzcucuta<\/em><\/figcaption><\/figure>\n<p>En las sesiones de esta semana se ha cumplido el cronograma y se han analizado los pilares program\u00e1ticos<\/p>\n<ul>\n<li>Sector justicia y del derecho (vendedores ambulantes y organizaciones religiosas y animalistas).<\/li>\n<li>Garant\u00eda de trabajo y productividad. Agricultura y desarrollo rural (palmicultures, distrito de riego, corregidores y ambientalistas).<\/li>\n<li>Garant\u00eda de trabajo y productividad. Ciencia, tecnolog\u00eda e innovaci\u00f3n (cl\u00faster TIC, medios digitales, transporte: empresas de transporte y taxistas).<\/li>\n<li>Garant\u00eda de trabajo y productividad. Comercio, industria y turismo (corpoindustriales, ANDI, autopartes, Anato, Acodres, C\u00e1mara del Comercio y Corporaci\u00f3n Mixta de Turismo).<\/li>\n<li>Cultura (organizaciones culturales), deporte y recreaci\u00f3n (organizaciones deportivas del orden municipal, Acord).<\/li>\n<\/ul>\n<p>En un mes de an\u00e1lisis, di\u00e1logo constructivo y toma de decisiones fundamentadas se aprobar\u00e1 el documento que refleje las necesidades reales y las aspiraciones de la comunidad.<\/p>\n<figure id=\"attachment_41878\" aria-describedby=\"caption-attachment-41878\" style=\"width: 252px\" class=\"wp-caption alignleft\"><a href=\"https:\/\/contraluzcucuta.co\/wp-content\/uploads\/2024\/05\/CONCEJO-PLAN-DE-DESARROLLO-5.jpg\"><img loading=\"lazy\" decoding=\"async\" class=\" wp-image-41878\" src=\"https:\/\/contraluzcucuta.co\/wp-content\/uploads\/2024\/05\/CONCEJO-PLAN-DE-DESARROLLO-5-300x200.jpg\" alt=\"\" width=\"252\" height=\"168\" srcset=\"https:\/\/contraluzcucuta.co\/wp-content\/uploads\/2024\/05\/CONCEJO-PLAN-DE-DESARROLLO-5-300x200.jpg 300w, https:\/\/contraluzcucuta.co\/wp-content\/uploads\/2024\/05\/CONCEJO-PLAN-DE-DESARROLLO-5-600x400.jpg 600w, https:\/\/contraluzcucuta.co\/wp-content\/uploads\/2024\/05\/CONCEJO-PLAN-DE-DESARROLLO-5-768x512.jpg 768w, https:\/\/contraluzcucuta.co\/wp-content\/uploads\/2024\/05\/CONCEJO-PLAN-DE-DESARROLLO-5-310x205.jpg 310w, https:\/\/contraluzcucuta.co\/wp-content\/uploads\/2024\/05\/CONCEJO-PLAN-DE-DESARROLLO-5.jpg 1024w\" sizes=\"auto, (max-width: 252px) 100vw, 252px\" \/><\/a><figcaption id=\"caption-attachment-41878\" class=\"wp-caption-text\"><em>Foto: Prensa Alcald\u00eda<\/em><\/figcaption><\/figure>\n<p>Cada sector de la ciudadan\u00eda participa en el estudio y el debate del Proyecto de Acuerdo 018 de 2024, que servir\u00e1 de insumo para la estructuraci\u00f3n de la ponencia final.<\/p>\n<p>El 13 de mayo, continuar\u00e1n el estudio:<\/p>\n<ul>\n<li>Garant\u00eda de trabajo y productividad econ\u00f3mica. Agricultura y desarrollo rural (representantes de la zona rural).<\/li>\n<li>14 de mayo. Compromiso social con la inclusi\u00f3n y los derechos de la gente. Educaci\u00f3n (asociaci\u00f3n de colegios privados, colegio de rectores, personeros, rectores de universidades p\u00fablicas y privadas, institutos t\u00e9cnicos y de educaci\u00f3n para el trabajo, Sena).<\/li>\n<li>15 de mayo de 2024. Ordenamiento sostenible del suelo y gesti\u00f3n ambiental. Minas y energ\u00eda (coquizadores y carboneros, empresas de energ\u00edas renovables), Vivienda, ciudad y territorio (Camacol), y Ambiente y Desarrollo Sostenible (asociaci\u00f3n de recicladores y recuperadoras).<\/li>\n<li>16 de mayo. Compromiso social con la inclusi\u00f3n y los derechos de la gente. Inclusi\u00f3n social y reconciliaci\u00f3n (adulto mayor, primera infancia, organizaciones de poblaci\u00f3n v\u00edctima).<\/li>\n<li>17 de mayo. Compromiso social con la inclusi\u00f3n y los derechos de la gente. Inclusi\u00f3n social y reconciliaci\u00f3n (barristas, bandas marciales, consejo municipal de Juventudes, discapacidad, IDS, mujer y OSIGD).<\/li>\n<li>20 de mayo. Eficiencia administrativa para la calidad de la gesti\u00f3n p\u00fablica. Gobierno territorial (organismos de la Acci\u00f3n Comunal, Juntas Administradoras Locales y ediles), organismos de control (veedores, ciudadanos, Procuradur\u00eda, Contralor\u00eda y Personer\u00eda).<\/li>\n<li>21 de mayo. Eficiencia administrativa para la calidad de la gesti\u00f3n p\u00fablica. Articulaci\u00f3n Institucional (entidades descentralizadas nacionales y entidades del orden territorial).<\/li>\n<\/ul>\n","protected":false},"excerpt":{"rendered":"<p>C\u00daCUTA.- El Pilar program\u00e1tico: Compromiso social con la inclusi\u00f3n y los derechos de la gente, tendr\u00e1 ocupados hoy a los 10 concejales de C\u00facuta, integrantes de la Comisi\u00f3n del Plan. El grupo de trabajo recibi\u00f3 del alcalde Jorge Enrique Acevedo el Plan de Desarrollo para el cuatrienio 2024-2027. En las sesiones de esta semana se &hellip;<\/p>\n","protected":false},"author":1,"featured_media":41876,"comment_status":"open","ping_status":"open","sticky":false,"template":"","format":"standard","meta":{"footnotes":""},"categories":[2625,4],"tags":[226,197,2973],"class_list":["post-41875","post","type-post","status-publish","format-standard","has-post-thumbnail","hentry","category-alcaldia-de-cucuta","category-barra","tag-alcaldia-de-cucuta","tag-concejo-de-cucuta","tag-plan-de-desarrollo-municipal"],"_links":{"self":[{"href":"https:\/\/contraluzcucuta.co\/index.php?rest_route=\/wp\/v2\/posts\/41875","targetHints":{"allow":["GET"]}}],"collection":[{"href":"https:\/\/contraluzcucuta.co\/index.php?rest_route=\/wp\/v2\/posts"}],"about":[{"href":"https:\/\/contraluzcucuta.co\/index.php?rest_route=\/wp\/v2\/types\/post"}],"author":[{"embeddable":true,"href":"https:\/\/contraluzcucuta.co\/index.php?rest_route=\/wp\/v2\/users\/1"}],"replies":[{"embeddable":true,"href":"https:\/\/contraluzcucuta.co\/index.php?rest_route=%2Fwp%2Fv2%2Fcomments&post=41875"}],"version-history":[{"count":1,"href":"https:\/\/contraluzcucuta.co\/index.php?rest_route=\/wp\/v2\/posts\/41875\/revisions"}],"predecessor-version":[{"id":41879,"href":"https:\/\/contraluzcucuta.co\/index.php?rest_route=\/wp\/v2\/posts\/41875\/revisions\/41879"}],"wp:featuredmedia":[{"embeddable":true,"href":"https:\/\/contraluzcucuta.co\/index.php?rest_route=\/wp\/v2\/media\/41876"}],"wp:attachment":[{"href":"https:\/\/contraluzcucuta.co\/index.php?rest_route=%2Fwp%2Fv2%2Fmedia&parent=41875"}],"wp:term":[{"taxonomy":"category","embeddable":true,"href":"https:\/\/contraluzcucuta.co\/index.php?rest_route=%2Fwp%2Fv2%2Fcategories&post=41875"},{"taxonomy":"post_tag","embeddable":true,"href":"https:\/\/contraluzcucuta.co\/index.php?rest_route=%2Fwp%2Fv2%2Ftags&post=41875"}],"curies":[{"name":"wp","href":"https:\/\/api.w.org\/{rel}","templated":true}]}}