{"id":41871,"date":"2024-05-10T04:42:30","date_gmt":"2024-05-10T09:42:30","guid":{"rendered":"https:\/\/contraluzcucuta.co\/?p=41871"},"modified":"2024-05-10T05:20:50","modified_gmt":"2024-05-10T10:20:50","slug":"pago-de-impuestos-alcaldia-y-camara-de-comercio-abren-la-ventana-de-oportunidad","status":"publish","type":"post","link":"https:\/\/contraluzcucuta.co\/?p=41871","title":{"rendered":"PAGO DE IMPUESTOS. Alcald\u00eda y C\u00e1mara de Comercio abren \u201cLa ventana de oportunidad\u201d"},"content":{"rendered":"<p style=\"padding-left: 40px; text-align: right;\"><strong><span style=\"color: #ff9900;\">C\u00daCUTA.- La uni\u00f3n de esfuerzos, entre la Alcald\u00eda y a C\u00e1mara de Comercio de C\u00facuta, dio como resultado la simplificaci\u00f3n del proceso de pago del impuesto de Industria y Comercio y la Matr\u00edcula Mercantil. Ahora, contribuyentes empresarios podr\u00e1n cumplir con las obligaciones de manera simult\u00e1nea en la Secretar\u00eda de Hacienda.<\/span><\/strong><\/p>\n<p>&nbsp;<\/p>\n<p>La soluci\u00f3n integral se dio tras la b\u00fasqueda de promover la formalidad y facilitar los tr\u00e1mites empresariales. Los cucute\u00f1os tendr\u00e1n la oportunidad de adelantar los pagos con agilidad, por cuanto la iniciativa pretende resolver los tr\u00e1mites registrales y ahorrar tiempo y recursos.<\/p>\n<p>Los d\u00edas habilitados para los pagos van del 15 al 17 de mayo, de 8:00 a 11:00 de la ma\u00f1ana y de 2:00 a 5:00 de la tarde. \u201cLa ventana de oportunidad\u201d estar\u00e1 abierta para cumplir con las obligaciones fiscales de manera oportuna y conveniente.<\/p>\n<p>Los objetivos de la fusi\u00f3n son:<\/p>\n<ul>\n<li>Fomentar la puntualidad empresarial<\/li>\n<li>Fortalecer el tejido econ\u00f3mico local<\/li>\n<li>Garantizar el servicio eficiente y transparente.<\/li>\n<\/ul>\n","protected":false},"excerpt":{"rendered":"<p>C\u00daCUTA.- La uni\u00f3n de esfuerzos, entre la Alcald\u00eda y a C\u00e1mara de Comercio de C\u00facuta, dio como resultado la simplificaci\u00f3n del proceso de pago del impuesto de Industria y Comercio y la Matr\u00edcula Mercantil. Ahora, contribuyentes empresarios podr\u00e1n cumplir con las obligaciones de manera simult\u00e1nea en la Secretar\u00eda de Hacienda. &nbsp; La soluci\u00f3n integral se &hellip;<\/p>\n","protected":false},"author":1,"featured_media":41872,"comment_status":"open","ping_status":"open","sticky":false,"template":"","format":"standard","meta":{"footnotes":""},"categories":[2625,4],"tags":[226,375,4490],"class_list":["post-41871","post","type-post","status-publish","format-standard","has-post-thumbnail","hentry","category-alcaldia-de-cucuta","category-barra","tag-alcaldia-de-cucuta","tag-camara-de-comercio-de-cucuta","tag-recaudo-de-impuestos"],"_links":{"self":[{"href":"https:\/\/contraluzcucuta.co\/index.php?rest_route=\/wp\/v2\/posts\/41871","targetHints":{"allow":["GET"]}}],"collection":[{"href":"https:\/\/contraluzcucuta.co\/index.php?rest_route=\/wp\/v2\/posts"}],"about":[{"href":"https:\/\/contraluzcucuta.co\/index.php?rest_route=\/wp\/v2\/types\/post"}],"author":[{"embeddable":true,"href":"https:\/\/contraluzcucuta.co\/index.php?rest_route=\/wp\/v2\/users\/1"}],"replies":[{"embeddable":true,"href":"https:\/\/contraluzcucuta.co\/index.php?rest_route=%2Fwp%2Fv2%2Fcomments&post=41871"}],"version-history":[{"count":2,"href":"https:\/\/contraluzcucuta.co\/index.php?rest_route=\/wp\/v2\/posts\/41871\/revisions"}],"predecessor-version":[{"id":41880,"href":"https:\/\/contraluzcucuta.co\/index.php?rest_route=\/wp\/v2\/posts\/41871\/revisions\/41880"}],"wp:featuredmedia":[{"embeddable":true,"href":"https:\/\/contraluzcucuta.co\/index.php?rest_route=\/wp\/v2\/media\/41872"}],"wp:attachment":[{"href":"https:\/\/contraluzcucuta.co\/index.php?rest_route=%2Fwp%2Fv2%2Fmedia&parent=41871"}],"wp:term":[{"taxonomy":"category","embeddable":true,"href":"https:\/\/contraluzcucuta.co\/index.php?rest_route=%2Fwp%2Fv2%2Fcategories&post=41871"},{"taxonomy":"post_tag","embeddable":true,"href":"https:\/\/contraluzcucuta.co\/index.php?rest_route=%2Fwp%2Fv2%2Ftags&post=41871"}],"curies":[{"name":"wp","href":"https:\/\/api.w.org\/{rel}","templated":true}]}}