{"id":41868,"date":"2024-05-10T04:24:30","date_gmt":"2024-05-10T09:24:30","guid":{"rendered":"https:\/\/contraluzcucuta.co\/?p=41868"},"modified":"2024-05-10T04:24:30","modified_gmt":"2024-05-10T09:24:30","slug":"cementerio-central-de-nuevo-cerrado-para-el-publico-2","status":"publish","type":"post","link":"https:\/\/contraluzcucuta.co\/?p=41868","title":{"rendered":"CEMENTERIO CENTRAL. De nuevo cerrado para el p\u00fablico"},"content":{"rendered":"<p style=\"padding-left: 40px; text-align: right;\"><strong><span style=\"color: #ff9900;\">C\u00daCUTA.- Vuelven las restricciones al Cementerio Central de C\u00facuta por nueva intervenci\u00f3n forense. La Unidad de B\u00fasqueda de Personas Dadas por Desaparecidas y el Grupo de Apoyo T\u00e9cnico (Gatef) trabajar\u00e1n en el campo santo del 14 al 28 de mayo.<\/span><\/strong><\/p>\n<p>Las restricciones son las siguientes:<\/p>\n<ul>\n<li>Se proh\u00edbe el ingreso y encendido de veladoras, velones y velas en el camposanto.<\/li>\n<li>No se permitir\u00e1n labores de mantenimiento en panteones, b\u00f3vedas, resteros y sepulturas en cortes de tierra.<\/li>\n<li>Las autorizadas por el administrador encargado deber\u00e1n ser reprogramadas para fechas posteriores del 28 de mayo.<\/li>\n<li>En materia de inhumaciones, se permitir\u00e1 el ingreso de hasta 35 acompa\u00f1antes por difunto.<\/li>\n<li>No se programar\u00e1n ni se autorizar\u00e1n labores de exhumaci\u00f3n. Las autorizadas deber\u00e1n reprogramarse.<\/li>\n<li>Las restricciones est\u00e1n extendidas a homil\u00edas, eucarist\u00edas, ceremonias o muestras de todo culto religiosos en el Cementerio.<\/li>\n<\/ul>\n","protected":false},"excerpt":{"rendered":"<p>C\u00daCUTA.- Vuelven las restricciones al Cementerio Central de C\u00facuta por nueva intervenci\u00f3n forense. La Unidad de B\u00fasqueda de Personas Dadas por Desaparecidas y el Grupo de Apoyo T\u00e9cnico (Gatef) trabajar\u00e1n en el campo santo del 14 al 28 de mayo. Las restricciones son las siguientes: Se proh\u00edbe el ingreso y encendido de veladoras, velones y &hellip;<\/p>\n","protected":false},"author":1,"featured_media":41869,"comment_status":"open","ping_status":"open","sticky":false,"template":"","format":"standard","meta":{"footnotes":""},"categories":[11,4],"tags":[2461,6295,5778],"class_list":["post-41868","post","type-post","status-publish","format-standard","has-post-thumbnail","hentry","category-cronica-roja","category-barra","tag-cementerio-central-de-cucuta","tag-grupo-de-apoyo-tecnico-forense","tag-unidad-de-busqueda-de-personas"],"_links":{"self":[{"href":"https:\/\/contraluzcucuta.co\/index.php?rest_route=\/wp\/v2\/posts\/41868","targetHints":{"allow":["GET"]}}],"collection":[{"href":"https:\/\/contraluzcucuta.co\/index.php?rest_route=\/wp\/v2\/posts"}],"about":[{"href":"https:\/\/contraluzcucuta.co\/index.php?rest_route=\/wp\/v2\/types\/post"}],"author":[{"embeddable":true,"href":"https:\/\/contraluzcucuta.co\/index.php?rest_route=\/wp\/v2\/users\/1"}],"replies":[{"embeddable":true,"href":"https:\/\/contraluzcucuta.co\/index.php?rest_route=%2Fwp%2Fv2%2Fcomments&post=41868"}],"version-history":[{"count":1,"href":"https:\/\/contraluzcucuta.co\/index.php?rest_route=\/wp\/v2\/posts\/41868\/revisions"}],"predecessor-version":[{"id":41870,"href":"https:\/\/contraluzcucuta.co\/index.php?rest_route=\/wp\/v2\/posts\/41868\/revisions\/41870"}],"wp:featuredmedia":[{"embeddable":true,"href":"https:\/\/contraluzcucuta.co\/index.php?rest_route=\/wp\/v2\/media\/41869"}],"wp:attachment":[{"href":"https:\/\/contraluzcucuta.co\/index.php?rest_route=%2Fwp%2Fv2%2Fmedia&parent=41868"}],"wp:term":[{"taxonomy":"category","embeddable":true,"href":"https:\/\/contraluzcucuta.co\/index.php?rest_route=%2Fwp%2Fv2%2Fcategories&post=41868"},{"taxonomy":"post_tag","embeddable":true,"href":"https:\/\/contraluzcucuta.co\/index.php?rest_route=%2Fwp%2Fv2%2Ftags&post=41868"}],"curies":[{"name":"wp","href":"https:\/\/api.w.org\/{rel}","templated":true}]}}