{"id":41859,"date":"2024-05-09T21:21:31","date_gmt":"2024-05-10T02:21:31","guid":{"rendered":"https:\/\/contraluzcucuta.co\/?p=41859"},"modified":"2024-05-09T21:21:31","modified_gmt":"2024-05-10T02:21:31","slug":"sueno-cumplido-paso-libre-por-puente-union","status":"publish","type":"post","link":"https:\/\/contraluzcucuta.co\/?p=41859","title":{"rendered":"SUE\u00d1O CUMPLIDO. Paso libre por Puente Uni\u00f3n"},"content":{"rendered":"<p style=\"padding-left: 40px; text-align: right;\"><strong><span style=\"color: #ff9900;\">PUERTO SANTANDER \u2013 Norte de Santander.- El estrech\u00f3n de manos de los gobernadores William Villamizar (Norte de Santander) y Fredy Bernal (estado T\u00e1chira) sell\u00f3 el Protocolo del Habilitaci\u00f3n del Puente Uni\u00f3n. Este paso met\u00e1lico une a Puerto Santander (Colombia) y Garc\u00eda de Hevia (Venezuela). Por m\u00e1s de una d\u00e9cada permaneci\u00f3 cerrado al tr\u00e1nsito vehicular.<\/span><\/strong><\/p>\n<figure id=\"attachment_41862\" aria-describedby=\"caption-attachment-41862\" style=\"width: 214px\" class=\"wp-caption alignleft\"><a href=\"https:\/\/contraluzcucuta.co\/wp-content\/uploads\/2024\/05\/PUENTE-UNION-8.jpg\"><img loading=\"lazy\" decoding=\"async\" class=\" wp-image-41862\" src=\"https:\/\/contraluzcucuta.co\/wp-content\/uploads\/2024\/05\/PUENTE-UNION-8-235x300.jpg\" alt=\"\" width=\"214\" height=\"273\" srcset=\"https:\/\/contraluzcucuta.co\/wp-content\/uploads\/2024\/05\/PUENTE-UNION-8-235x300.jpg 235w, https:\/\/contraluzcucuta.co\/wp-content\/uploads\/2024\/05\/PUENTE-UNION-8-600x766.jpg 600w, https:\/\/contraluzcucuta.co\/wp-content\/uploads\/2024\/05\/PUENTE-UNION-8-803x1024.jpg 803w, https:\/\/contraluzcucuta.co\/wp-content\/uploads\/2024\/05\/PUENTE-UNION-8-768x980.jpg 768w, https:\/\/contraluzcucuta.co\/wp-content\/uploads\/2024\/05\/PUENTE-UNION-8.jpg 1080w\" sizes=\"auto, (max-width: 214px) 100vw, 214px\" \/><\/a><figcaption id=\"caption-attachment-41862\" class=\"wp-caption-text\"><em>Fotos: Prensa Gobernaci\u00f3n<\/em><\/figcaption><\/figure>\n<p>A partir de este jueves, se abre el paso a veh\u00edculos de carga, carros particulares de servicio p\u00fablico y particulares, y el tr\u00e1nsito peatonal. La apertura de este puente Uni\u00f3n y del Sim\u00f3n Bol\u00edvar, Francisco de Paula Santander y Atanasio Girardot era una solicitud permanente de los habitantes de la zona de frontera para el desarrollo de las actividades comerciales.<\/p>\n<p>Villamizar Laguado calific\u00f3 la jornada como \u201chist\u00f3rica\u201d, porque la decisi\u00f3n tomada por los presidentes Gustavo Petro y Nicol\u00e1s Maduro permite dar t\u00e9rmino a \u201cuna ide que propuso y que sac\u00f3 adelante el gobernador del T\u00e1chira\u201d.<\/p>\n<p>Bernal respondi\u00f3 a las palabras de su hom\u00f3logo nortesantandereano y dijo que comienza el proceso de reactivaci\u00f3n econ\u00f3mica. \u201cHemos demostrado voluntad pol\u00edtica. Hoy es una realidad\u201d la apertura del puente.<\/p>\n<p>\u201cHemos vivido los mismos problemas, los hemos superado, hemos salido adelante\u201d, dijo Villamizar. Record\u00f3 que millares de familias colombianas viven al otro lado de la frontera, y viceversa para hacer referencia a la hermandad que une a los pueblos lim\u00edtrofes.<\/p>\n<p>La alcaldesa de Puerto Santander, Carmen Teresa G\u00f3mez, destac\u00f3 la hermandad entre los gobiernos regionales para hacer realidad el sue\u00f1o de los porte\u00f1os de tener de nuevo comunicaci\u00f3n terrestre automotor con esta zona del T\u00e1chira.<\/p>\n<p>\u201c\u00bfQu\u00e9 sue\u00f1o por aqu\u00ed?\u201d, se pregunt\u00f3 Bernal y al instante respondi\u00f3: \u201cque productos de Colombia salgan por esta ruta del T\u00e1chira, al Zulia y de ah\u00ed al mundo entero. Pero tambi\u00e9n sue\u00f1o que del T\u00e1chira, por aqu\u00ed, entren productos a Colombia\u201d.<\/p>\n","protected":false},"excerpt":{"rendered":"<p>PUERTO SANTANDER \u2013 Norte de Santander.- El estrech\u00f3n de manos de los gobernadores William Villamizar (Norte de Santander) y Fredy Bernal (estado T\u00e1chira) sell\u00f3 el Protocolo del Habilitaci\u00f3n del Puente Uni\u00f3n. Este paso met\u00e1lico une a Puerto Santander (Colombia) y Garc\u00eda de Hevia (Venezuela). Por m\u00e1s de una d\u00e9cada permaneci\u00f3 cerrado al tr\u00e1nsito vehicular. A &hellip;<\/p>\n","protected":false},"author":1,"featured_media":41861,"comment_status":"open","ping_status":"open","sticky":false,"template":"","format":"standard","meta":{"footnotes":""},"categories":[45,4],"tags":[5437,6294,2800,6213,489],"class_list":["post-41859","post","type-post","status-publish","format-standard","has-post-thumbnail","hentry","category-destacado","category-barra","tag-fredy-bernal","tag-garcia-de-hevia","tag-gobernador-william-villamizar","tag-puente-union","tag-puerto-santander"],"_links":{"self":[{"href":"https:\/\/contraluzcucuta.co\/index.php?rest_route=\/wp\/v2\/posts\/41859","targetHints":{"allow":["GET"]}}],"collection":[{"href":"https:\/\/contraluzcucuta.co\/index.php?rest_route=\/wp\/v2\/posts"}],"about":[{"href":"https:\/\/contraluzcucuta.co\/index.php?rest_route=\/wp\/v2\/types\/post"}],"author":[{"embeddable":true,"href":"https:\/\/contraluzcucuta.co\/index.php?rest_route=\/wp\/v2\/users\/1"}],"replies":[{"embeddable":true,"href":"https:\/\/contraluzcucuta.co\/index.php?rest_route=%2Fwp%2Fv2%2Fcomments&post=41859"}],"version-history":[{"count":1,"href":"https:\/\/contraluzcucuta.co\/index.php?rest_route=\/wp\/v2\/posts\/41859\/revisions"}],"predecessor-version":[{"id":41863,"href":"https:\/\/contraluzcucuta.co\/index.php?rest_route=\/wp\/v2\/posts\/41859\/revisions\/41863"}],"wp:featuredmedia":[{"embeddable":true,"href":"https:\/\/contraluzcucuta.co\/index.php?rest_route=\/wp\/v2\/media\/41861"}],"wp:attachment":[{"href":"https:\/\/contraluzcucuta.co\/index.php?rest_route=%2Fwp%2Fv2%2Fmedia&parent=41859"}],"wp:term":[{"taxonomy":"category","embeddable":true,"href":"https:\/\/contraluzcucuta.co\/index.php?rest_route=%2Fwp%2Fv2%2Fcategories&post=41859"},{"taxonomy":"post_tag","embeddable":true,"href":"https:\/\/contraluzcucuta.co\/index.php?rest_route=%2Fwp%2Fv2%2Ftags&post=41859"}],"curies":[{"name":"wp","href":"https:\/\/api.w.org\/{rel}","templated":true}]}}