{"id":41851,"date":"2024-05-09T04:15:50","date_gmt":"2024-05-09T09:15:50","guid":{"rendered":"https:\/\/contraluzcucuta.co\/?p=41851"},"modified":"2024-05-09T04:17:30","modified_gmt":"2024-05-09T09:17:30","slug":"medallas-que-dan-frutos-gobernacion-asignara-900-millones-para-la-gimnasia","status":"publish","type":"post","link":"https:\/\/contraluzcucuta.co\/?p=41851","title":{"rendered":"MEDALLAS QUE DAN FRUTOS. Gobernaci\u00f3n asignar\u00e1 $ 900 millones para la gimnasia"},"content":{"rendered":"<p style=\"padding-left: 40px; text-align: right;\"><strong><span style=\"color: #ff9900;\">C\u00daCUTA.- Los gimnastas de Norte de Santander y miembros de la selecci\u00f3n Colombia visitaron al gobernador William Villamizar para mostrarle las medallas ganadas en diferentes cert\u00e1menes en representaci\u00f3n del pa\u00eds. Cada uno carg\u00f3 con las preseas obtenidas ante rivales de peso internacional y nacional.<\/span><\/strong><\/p>\n<p><a href=\"https:\/\/contraluzcucuta.co\/wp-content\/uploads\/2024\/05\/GIMNASTAS-8.jpg\"><img loading=\"lazy\" decoding=\"async\" class=\"alignnone wp-image-41853 alignleft\" src=\"https:\/\/contraluzcucuta.co\/wp-content\/uploads\/2024\/05\/GIMNASTAS-8-300x166.jpg\" alt=\"\" width=\"249\" height=\"138\" srcset=\"https:\/\/contraluzcucuta.co\/wp-content\/uploads\/2024\/05\/GIMNASTAS-8-300x166.jpg 300w, https:\/\/contraluzcucuta.co\/wp-content\/uploads\/2024\/05\/GIMNASTAS-8-600x332.jpg 600w, https:\/\/contraluzcucuta.co\/wp-content\/uploads\/2024\/05\/GIMNASTAS-8-1024x566.jpg 1024w, https:\/\/contraluzcucuta.co\/wp-content\/uploads\/2024\/05\/GIMNASTAS-8-768x425.jpg 768w, https:\/\/contraluzcucuta.co\/wp-content\/uploads\/2024\/05\/GIMNASTAS-8.jpg 1080w\" sizes=\"auto, (max-width: 249px) 100vw, 249px\" \/><\/a><\/p>\n<p>\u00c1ngel Barajas, el deportista rojinegro que estar\u00e1 en los Ol\u00edmpicos de Par\u00eds 2024, dijo que la clasificaci\u00f3n es uno de los mayores logros en la carrera. \u201cNo fue nada f\u00e1cil\u201d, afirm\u00f3 al recordar el trabajo, el esfuerzo y la dedicaci\u00f3n tanto en las pr\u00e1cticas como en las competencias de la mano del t\u00e9cnico Jairo Ruiz.<\/p>\n<p>\u201cRepresentar el tricolor y a Norte de Santander en los Ol\u00edmpicos me llena de orgullo y felicidad\u201d, anot\u00f3 el joven gimnasta. Despu\u00e9s de alcanzar este sue\u00f1o les dej\u00f3 un mensaje a esos ni\u00f1os y adolescentes que comienzan la carrera deportiva. \u201cSiempre sue\u00f1en, luchen por los sue\u00f1os, trabajen con amor y dedicaci\u00f3n, y que se esfuercen al m\u00e1ximo\u201d.<\/p>\n<p>Villamizar Laguado felicit\u00f3 a Barajas, carta nacional en Par\u00eds y en quien est\u00e1n puestas las ilusiones del pa\u00eds para alcanzar una presea en los Juegos. \u201cHay acciones en las que deportistas y t\u00e9cnicos no se pueden desconcentrar. Necesitan apoyo y esa es la tarea que nos corresponde como gobernantes\u201d.<\/p>\n<p>Anunci\u00f3 que pas\u00f3 un presupuesto a la Gobernaci\u00f3n de $ 900 millones para el 2024. \u201cPara que no tengan inconvenientes en la parte t\u00e9cnica y el equipo de personal, y para asistir a los torneos\u201d. La carencia de recursos ha sido el constante reclamo del t\u00e9cnico Ruiz. Ahora, recibe respuesta desde el gobierno departamental.<\/p>\n","protected":false},"excerpt":{"rendered":"<p>C\u00daCUTA.- Los gimnastas de Norte de Santander y miembros de la selecci\u00f3n Colombia visitaron al gobernador William Villamizar para mostrarle las medallas ganadas en diferentes cert\u00e1menes en representaci\u00f3n del pa\u00eds. Cada uno carg\u00f3 con las preseas obtenidas ante rivales de peso internacional y nacional. \u00c1ngel Barajas, el deportista rojinegro que estar\u00e1 en los Ol\u00edmpicos de &hellip;<\/p>\n","protected":false},"author":1,"featured_media":41855,"comment_status":"open","ping_status":"open","sticky":false,"template":"","format":"standard","meta":{"footnotes":""},"categories":[4,28],"tags":[5583,1605,379,2132],"class_list":["post-41851","post","type-post","status-publish","format-standard","has-post-thumbnail","hentry","category-barra","category-vistazo-deportivo","tag-angel-barajas","tag-gimnasia-de-norte-de-santander","tag-gobernacion-de-norte-de-santander","tag-liga-de-gimnasia-de-norte-de-santander"],"_links":{"self":[{"href":"https:\/\/contraluzcucuta.co\/index.php?rest_route=\/wp\/v2\/posts\/41851","targetHints":{"allow":["GET"]}}],"collection":[{"href":"https:\/\/contraluzcucuta.co\/index.php?rest_route=\/wp\/v2\/posts"}],"about":[{"href":"https:\/\/contraluzcucuta.co\/index.php?rest_route=\/wp\/v2\/types\/post"}],"author":[{"embeddable":true,"href":"https:\/\/contraluzcucuta.co\/index.php?rest_route=\/wp\/v2\/users\/1"}],"replies":[{"embeddable":true,"href":"https:\/\/contraluzcucuta.co\/index.php?rest_route=%2Fwp%2Fv2%2Fcomments&post=41851"}],"version-history":[{"count":1,"href":"https:\/\/contraluzcucuta.co\/index.php?rest_route=\/wp\/v2\/posts\/41851\/revisions"}],"predecessor-version":[{"id":41854,"href":"https:\/\/contraluzcucuta.co\/index.php?rest_route=\/wp\/v2\/posts\/41851\/revisions\/41854"}],"wp:featuredmedia":[{"embeddable":true,"href":"https:\/\/contraluzcucuta.co\/index.php?rest_route=\/wp\/v2\/media\/41855"}],"wp:attachment":[{"href":"https:\/\/contraluzcucuta.co\/index.php?rest_route=%2Fwp%2Fv2%2Fmedia&parent=41851"}],"wp:term":[{"taxonomy":"category","embeddable":true,"href":"https:\/\/contraluzcucuta.co\/index.php?rest_route=%2Fwp%2Fv2%2Fcategories&post=41851"},{"taxonomy":"post_tag","embeddable":true,"href":"https:\/\/contraluzcucuta.co\/index.php?rest_route=%2Fwp%2Fv2%2Ftags&post=41851"}],"curies":[{"name":"wp","href":"https:\/\/api.w.org\/{rel}","templated":true}]}}