{"id":41847,"date":"2024-05-09T04:05:12","date_gmt":"2024-05-09T09:05:12","guid":{"rendered":"https:\/\/contraluzcucuta.co\/?p=41847"},"modified":"2024-05-09T04:05:12","modified_gmt":"2024-05-09T09:05:12","slug":"seguridad-de-cucuta-146-auxiliares-de-policia-juraron-bandera","status":"publish","type":"post","link":"https:\/\/contraluzcucuta.co\/?p=41847","title":{"rendered":"SEGURIDAD DE C\u00daCUTA. 146 auxiliares de polic\u00eda juraron bandera"},"content":{"rendered":"<p style=\"padding-left: 40px; text-align: right;\"><strong><span style=\"color: #ff9900;\">C\u00daCUTA.- 146 hombres y mujeres, auxiliares de Polic\u00eda, correspondientes al segundo contingente Curso 002-2024, compa\u00f1\u00eda Carlos Holgu\u00edn Mallarino, juraron bandera y fortalecer\u00e1n las capacidades de la instituci\u00f3n en el municipio.<\/span><\/strong><\/p>\n<p><a href=\"https:\/\/contraluzcucuta.co\/wp-content\/uploads\/2024\/05\/POLICIA-AUXILIARES-4.jpg\"><img loading=\"lazy\" decoding=\"async\" class=\"alignnone  wp-image-41849 alignleft\" src=\"https:\/\/contraluzcucuta.co\/wp-content\/uploads\/2024\/05\/POLICIA-AUXILIARES-4-300x200.jpg\" alt=\"\" width=\"260\" height=\"173\" srcset=\"https:\/\/contraluzcucuta.co\/wp-content\/uploads\/2024\/05\/POLICIA-AUXILIARES-4-300x200.jpg 300w, https:\/\/contraluzcucuta.co\/wp-content\/uploads\/2024\/05\/POLICIA-AUXILIARES-4-600x400.jpg 600w, https:\/\/contraluzcucuta.co\/wp-content\/uploads\/2024\/05\/POLICIA-AUXILIARES-4-768x512.jpg 768w, https:\/\/contraluzcucuta.co\/wp-content\/uploads\/2024\/05\/POLICIA-AUXILIARES-4-310x205.jpg 310w, https:\/\/contraluzcucuta.co\/wp-content\/uploads\/2024\/05\/POLICIA-AUXILIARES-4.jpg 1024w\" sizes=\"auto, (max-width: 260px) 100vw, 260px\" \/><\/a><\/p>\n<p>Los j\u00f3venes que se integran al cumplimiento de la misi\u00f3n constitucional est\u00e1n capacitados para el fortalecimiento en la interacci\u00f3n pac\u00edfica, respetuosa y arm\u00f3nica entre las personas, los bienes y el medio ambiente.<\/p>\n<p>Destacados por la responsabilidad, la \u00e9tica y la vocaci\u00f3n se adelant\u00f3 el despliegue al proceso de incorporaci\u00f3n, formaci\u00f3n y capacitaci\u00f3n, en el que se evaluaron diversos componentes enfocados al servicio. Est\u00e1n dispuestos para ayudar y proteger a la comunidad, fortalecer los planes del servicio de Polic\u00eda, mediante acciones de car\u00e1cter preventivo con atenci\u00f3n y protecci\u00f3n. La direcci\u00f3n est\u00e1 a cargo del coronel William Quintero, comandante de la Polic\u00eda Metropolitana de C\u00facuta.<\/p>\n<p>El alcalde Jorge Acevedo les dijo en la ceremonia que \u201casumen una responsabilidad crucial. Est\u00e1n demostrando su amor por esta hermosa ciudad\u201d. Agradeci\u00f3 que hayan tomado la decisi\u00f3n de dedicar tiempo al servicio en la Polic\u00eda.<\/p>\n","protected":false},"excerpt":{"rendered":"<p>C\u00daCUTA.- 146 hombres y mujeres, auxiliares de Polic\u00eda, correspondientes al segundo contingente Curso 002-2024, compa\u00f1\u00eda Carlos Holgu\u00edn Mallarino, juraron bandera y fortalecer\u00e1n las capacidades de la instituci\u00f3n en el municipio. Los j\u00f3venes que se integran al cumplimiento de la misi\u00f3n constitucional est\u00e1n capacitados para el fortalecimiento en la interacci\u00f3n pac\u00edfica, respetuosa y arm\u00f3nica entre las &hellip;<\/p>\n","protected":false},"author":1,"featured_media":41848,"comment_status":"open","ping_status":"open","sticky":false,"template":"","format":"standard","meta":{"footnotes":""},"categories":[11,4],"tags":[226,3308,6292,323,163],"class_list":["post-41847","post","type-post","status-publish","format-standard","has-post-thumbnail","hentry","category-cronica-roja","category-barra","tag-alcaldia-de-cucuta","tag-auxiliares-bachilleres","tag-coronel-william-quintero","tag-mecuc","tag-policia-metropolitana"],"_links":{"self":[{"href":"https:\/\/contraluzcucuta.co\/index.php?rest_route=\/wp\/v2\/posts\/41847","targetHints":{"allow":["GET"]}}],"collection":[{"href":"https:\/\/contraluzcucuta.co\/index.php?rest_route=\/wp\/v2\/posts"}],"about":[{"href":"https:\/\/contraluzcucuta.co\/index.php?rest_route=\/wp\/v2\/types\/post"}],"author":[{"embeddable":true,"href":"https:\/\/contraluzcucuta.co\/index.php?rest_route=\/wp\/v2\/users\/1"}],"replies":[{"embeddable":true,"href":"https:\/\/contraluzcucuta.co\/index.php?rest_route=%2Fwp%2Fv2%2Fcomments&post=41847"}],"version-history":[{"count":1,"href":"https:\/\/contraluzcucuta.co\/index.php?rest_route=\/wp\/v2\/posts\/41847\/revisions"}],"predecessor-version":[{"id":41850,"href":"https:\/\/contraluzcucuta.co\/index.php?rest_route=\/wp\/v2\/posts\/41847\/revisions\/41850"}],"wp:featuredmedia":[{"embeddable":true,"href":"https:\/\/contraluzcucuta.co\/index.php?rest_route=\/wp\/v2\/media\/41848"}],"wp:attachment":[{"href":"https:\/\/contraluzcucuta.co\/index.php?rest_route=%2Fwp%2Fv2%2Fmedia&parent=41847"}],"wp:term":[{"taxonomy":"category","embeddable":true,"href":"https:\/\/contraluzcucuta.co\/index.php?rest_route=%2Fwp%2Fv2%2Fcategories&post=41847"},{"taxonomy":"post_tag","embeddable":true,"href":"https:\/\/contraluzcucuta.co\/index.php?rest_route=%2Fwp%2Fv2%2Ftags&post=41847"}],"curies":[{"name":"wp","href":"https:\/\/api.w.org\/{rel}","templated":true}]}}