{"id":41843,"date":"2024-05-09T03:55:25","date_gmt":"2024-05-09T08:55:25","guid":{"rendered":"https:\/\/contraluzcucuta.co\/?p=41843"},"modified":"2024-05-09T03:55:25","modified_gmt":"2024-05-09T08:55:25","slug":"encuesta-fenalco-93-de-los-colombianos-tiene-intencion-de-celebrar-el-dia-de-la-madre","status":"publish","type":"post","link":"https:\/\/contraluzcucuta.co\/?p=41843","title":{"rendered":"ENCUESTA FENALCO. 93% de los colombianos tiene intenci\u00f3n de celebrar el D\u00eda de la Madre"},"content":{"rendered":"<p style=\"padding-left: 40px; text-align: right;\"><strong><span style=\"color: #ff9900;\">BOGOT\u00c1.- La encuesta anual de Fenalco, sobre la din\u00e1mica comercial en torno al D\u00eda de la Madre arroj\u00f3 que 93 % de los consultados tiene intenci\u00f3n de celebrar la fecha. La cifra que alcanza niveles observados antes de la pandemia. Adem\u00e1s del tradicional almuerzo o cena, regalar\u00e1n ropa, calzado y carteras (37 %).<\/span><\/strong><\/p>\n<figure id=\"attachment_41845\" aria-describedby=\"caption-attachment-41845\" style=\"width: 248px\" class=\"wp-caption alignleft\"><a href=\"https:\/\/contraluzcucuta.co\/wp-content\/uploads\/2024\/05\/DIA-DE-LA-MADRE-4.webp\"><img loading=\"lazy\" decoding=\"async\" class=\" wp-image-41845\" src=\"https:\/\/contraluzcucuta.co\/wp-content\/uploads\/2024\/05\/DIA-DE-LA-MADRE-4-300x200.webp\" alt=\"\" width=\"248\" height=\"165\" srcset=\"https:\/\/contraluzcucuta.co\/wp-content\/uploads\/2024\/05\/DIA-DE-LA-MADRE-4-300x200.webp 300w, https:\/\/contraluzcucuta.co\/wp-content\/uploads\/2024\/05\/DIA-DE-LA-MADRE-4-600x400.webp 600w, https:\/\/contraluzcucuta.co\/wp-content\/uploads\/2024\/05\/DIA-DE-LA-MADRE-4-768x512.webp 768w, https:\/\/contraluzcucuta.co\/wp-content\/uploads\/2024\/05\/DIA-DE-LA-MADRE-4-310x205.webp 310w, https:\/\/contraluzcucuta.co\/wp-content\/uploads\/2024\/05\/DIA-DE-LA-MADRE-4.webp 1024w\" sizes=\"auto, (max-width: 248px) 100vw, 248px\" \/><\/a><figcaption id=\"caption-attachment-41845\" class=\"wp-caption-text\"><em>Foto: Los Cartujos<\/em><\/figcaption><\/figure>\n<p>Cerca de la tercera parte de los regalos se adquiere la v\u00edspera del segundo domingo del a\u00f1o, con excepci\u00f3n de Norte de Santander, donde la fiesta es el \u00faltimo domingo.<\/p>\n<p>En el listado aparecen tel\u00e9fonos celulares y otros art\u00edculos electr\u00f3nicos (12 %); bonos\/dinero (11 %); conciertos\/viajes\/libros\/licores (9 %); Perfumer\u00eda\/cosm\u00e9tica (7 %); sesiones de spa\/gimnasio (5 %); Joyas\/relojes\/bisuter\u00eda (4 %) y flores (3 %).<\/p>\n<p>Los resultados de la encuesta, que se llev\u00f3 a cabo en las principales ciudades del pa\u00eds, indican que habr\u00e1 aumento del presupuesto para los regalos de la Madre. El 32 % gastar\u00e1 entre $ 100.000 y $ 200.000, y 23 % gastar\u00e1 hasta $ 100.000.<\/p>\n<p>Cuatro de cada 10 colombianos prefiere preguntarles directamente qu\u00e9 quieren. El 7 % cree que les encanta recibir regalos y 71 % sostiene que les encanta compartir el d\u00eda con la familia. El 12 % opina que prefieren ser tratadas de manera especial. El 9 % cree que disfrutan del descanso. Los hijos, en su mayor\u00eda, compran los regalos en tiendas especializadas (34 %), en l\u00ednea (16 %), grandes almacenes por departamentos (14 %).<\/p>\n","protected":false},"excerpt":{"rendered":"<p>BOGOT\u00c1.- La encuesta anual de Fenalco, sobre la din\u00e1mica comercial en torno al D\u00eda de la Madre arroj\u00f3 que 93 % de los consultados tiene intenci\u00f3n de celebrar la fecha. La cifra que alcanza niveles observados antes de la pandemia. Adem\u00e1s del tradicional almuerzo o cena, regalar\u00e1n ropa, calzado y carteras (37 %). Cerca de &hellip;<\/p>\n","protected":false},"author":1,"featured_media":41844,"comment_status":"open","ping_status":"open","sticky":false,"template":"","format":"standard","meta":{"footnotes":""},"categories":[4,36],"tags":[5598,6291,1526],"class_list":["post-41843","post","type-post","status-publish","format-standard","has-post-thumbnail","hentry","category-barra","category-la-voz-del-pueblo","tag-dia-de-la-madre","tag-encuesta-fenalco","tag-fenalco-norte-de-santander"],"_links":{"self":[{"href":"https:\/\/contraluzcucuta.co\/index.php?rest_route=\/wp\/v2\/posts\/41843","targetHints":{"allow":["GET"]}}],"collection":[{"href":"https:\/\/contraluzcucuta.co\/index.php?rest_route=\/wp\/v2\/posts"}],"about":[{"href":"https:\/\/contraluzcucuta.co\/index.php?rest_route=\/wp\/v2\/types\/post"}],"author":[{"embeddable":true,"href":"https:\/\/contraluzcucuta.co\/index.php?rest_route=\/wp\/v2\/users\/1"}],"replies":[{"embeddable":true,"href":"https:\/\/contraluzcucuta.co\/index.php?rest_route=%2Fwp%2Fv2%2Fcomments&post=41843"}],"version-history":[{"count":1,"href":"https:\/\/contraluzcucuta.co\/index.php?rest_route=\/wp\/v2\/posts\/41843\/revisions"}],"predecessor-version":[{"id":41846,"href":"https:\/\/contraluzcucuta.co\/index.php?rest_route=\/wp\/v2\/posts\/41843\/revisions\/41846"}],"wp:featuredmedia":[{"embeddable":true,"href":"https:\/\/contraluzcucuta.co\/index.php?rest_route=\/wp\/v2\/media\/41844"}],"wp:attachment":[{"href":"https:\/\/contraluzcucuta.co\/index.php?rest_route=%2Fwp%2Fv2%2Fmedia&parent=41843"}],"wp:term":[{"taxonomy":"category","embeddable":true,"href":"https:\/\/contraluzcucuta.co\/index.php?rest_route=%2Fwp%2Fv2%2Fcategories&post=41843"},{"taxonomy":"post_tag","embeddable":true,"href":"https:\/\/contraluzcucuta.co\/index.php?rest_route=%2Fwp%2Fv2%2Ftags&post=41843"}],"curies":[{"name":"wp","href":"https:\/\/api.w.org\/{rel}","templated":true}]}}