{"id":41808,"date":"2024-05-06T20:51:53","date_gmt":"2024-05-07T01:51:53","guid":{"rendered":"https:\/\/contraluzcucuta.co\/?p=41808"},"modified":"2024-05-06T20:51:53","modified_gmt":"2024-05-07T01:51:53","slug":"conversaciones-de-entre-casa-nunca-crei-que-iba-a-ser-pintora-margarita-moller","status":"publish","type":"post","link":"https:\/\/contraluzcucuta.co\/?p=41808","title":{"rendered":"CONVERSACIONES DE ENTRE CASA. Nunca cre\u00ed que iba a ser pintora, Margarita M\u00f6ller"},"content":{"rendered":"<p style=\"padding-left: 40px; text-align: right;\"><strong><span style=\"color: #ff9900;\">C\u00daCUTA.- Al principio de la carrera como artista firmaba los trabajos con el nombre verdadero. Luego, tom\u00f3 el ejemplo de colegas pintores, cantantes, escultores y opt\u00f3 por Margarita M\u00f6ller. El apellido lo tom\u00f3 prestado de una amiga. El cambio de identidad fue recomendaci\u00f3n de un amigo a quien no le parec\u00eda que Zenaida Garc\u00eda vender\u00eda cuadros, pinturas y retratos.<\/span><\/strong><\/p>\n<p>&nbsp;<\/p>\n<p><a href=\"https:\/\/contraluzcucuta.co\/wp-content\/uploads\/2024\/05\/MARGARITA-MOLLER-5.jpeg\"><img loading=\"lazy\" decoding=\"async\" class=\"alignnone  wp-image-41812 alignleft\" src=\"https:\/\/contraluzcucuta.co\/wp-content\/uploads\/2024\/05\/MARGARITA-MOLLER-5-225x300.jpeg\" alt=\"\" width=\"206\" height=\"275\" srcset=\"https:\/\/contraluzcucuta.co\/wp-content\/uploads\/2024\/05\/MARGARITA-MOLLER-5-225x300.jpeg 225w, https:\/\/contraluzcucuta.co\/wp-content\/uploads\/2024\/05\/MARGARITA-MOLLER-5-600x800.jpeg 600w, https:\/\/contraluzcucuta.co\/wp-content\/uploads\/2024\/05\/MARGARITA-MOLLER-5-768x1024.jpeg 768w, https:\/\/contraluzcucuta.co\/wp-content\/uploads\/2024\/05\/MARGARITA-MOLLER-5-1152x1536.jpeg 1152w, https:\/\/contraluzcucuta.co\/wp-content\/uploads\/2024\/05\/MARGARITA-MOLLER-5.jpeg 1200w\" sizes=\"auto, (max-width: 206px) 100vw, 206px\" \/><\/a><\/p>\n<p>La historia comienza en la Caracas de la d\u00e9cada de los 70 del siglo XX. La capital venezolana era distinta a la de ahora y hasta tuvo Escuela de Arte, que luego el gobierno socialista cerr\u00f3 sin explicaci\u00f3n alguna. Ah\u00ed, Margarita estudi\u00f3 y aprendi\u00f3 a dibujar. Despu\u00e9s, la vida cambi\u00f3 en el pa\u00eds y la existencia de esta mujer dio un vuelco total.<\/p>\n<p>En la ni\u00f1ez, mientras aprend\u00eda a leer y a escribir, a sumar y a restar, siempre la ten\u00edan en cuenta para los trabajos relacionados con la pintura. Las notas la respaldaban y eran buena referencia para que los docentes la eligieran para esas tareas.<\/p>\n<ul>\n<li><em>Nunca cre\u00ed que iba a ser pintora. Mi mam\u00e1 me obligaba era a estudiar, estudiar y estudiar. No sab\u00eda para qu\u00e9 estudiaba, hasta que me met\u00ed a la escuela de arte.<\/em><\/li>\n<\/ul>\n<p>Ten\u00eda 8 a\u00f1os. D\u00eda de la Madre. Momento propicio para pintar un cuadro. Tom\u00f3 una tabla, busc\u00f3 las t\u00e9mperas y manos a la obra. Pint\u00f3 sobre una madera vieja que encontr\u00f3 por ah\u00ed. Era un paisaje nocturno, con luna y estrellas, \u00e1rboles y cielo azul oscuro. Ese fue el regalo que le dio a la mam\u00e1.<\/p>\n<p>A los 17 a\u00f1os, con lo que gan\u00f3 en el trabajo compr\u00f3 el primer equipo de \u00f3leo. No sab\u00eda de pintura. Plasmaba las im\u00e1genes que le sal\u00edan de la cabeza por inspiraci\u00f3n natural. Ah\u00ed comenz\u00f3 el reto y sin profesor. Y se imagin\u00f3 un paisaje, que a\u00fan tiene en la mente. Hoy, al regresar a ese momento est\u00e1 segura de que es un don, porque nadie le dijo que lo hiciera ni c\u00f3mo.<\/p>\n<p><a href=\"https:\/\/contraluzcucuta.co\/wp-content\/uploads\/2024\/05\/MARGARITA-MOLLER-6.jpeg\"><img loading=\"lazy\" decoding=\"async\" class=\"alignnone  wp-image-41813 alignleft\" src=\"https:\/\/contraluzcucuta.co\/wp-content\/uploads\/2024\/05\/MARGARITA-MOLLER-6-225x300.jpeg\" alt=\"\" width=\"208\" height=\"277\" srcset=\"https:\/\/contraluzcucuta.co\/wp-content\/uploads\/2024\/05\/MARGARITA-MOLLER-6-225x300.jpeg 225w, https:\/\/contraluzcucuta.co\/wp-content\/uploads\/2024\/05\/MARGARITA-MOLLER-6-600x800.jpeg 600w, https:\/\/contraluzcucuta.co\/wp-content\/uploads\/2024\/05\/MARGARITA-MOLLER-6-768x1024.jpeg 768w, https:\/\/contraluzcucuta.co\/wp-content\/uploads\/2024\/05\/MARGARITA-MOLLER-6-1152x1536.jpeg 1152w, https:\/\/contraluzcucuta.co\/wp-content\/uploads\/2024\/05\/MARGARITA-MOLLER-6.jpeg 1200w\" sizes=\"auto, (max-width: 208px) 100vw, 208px\" \/><\/a><\/p>\n<p>Comenz\u00f3 como paisajista y pas\u00f3 al arte abstracto. Para orgullo propio, vend\u00eda las obras. A las compa\u00f1eras de estudio les hac\u00eda trabajos gratis. Despu\u00e9s tom\u00f3 conciencia del esfuerzo y tambi\u00e9n les cobraba por los rostros de los profesores y otros encargos.<\/p>\n<ul>\n<li><em>En la Escuela de Arte me ense\u00f1aron el dibujo y la pintura. Sab\u00eda que me hac\u00eda falta el estudio formal, porque as\u00ed sea abstracto, la pintura necesita un dibujo. El dibujo marca la l\u00ednea y dice la armon\u00eda.<\/em><\/li>\n<\/ul>\n<p>Mientras habla trabaja en el dibujo de una joven. Hace trazos con l\u00e1piz negro. Mira la copia que tiene al lado izquierdo y contin\u00faa. La mano se desliza suave y si tiene que borrar lo hace con naturalidad. La concentraci\u00f3n no la atormenta. Levanta poco la mirada y esconde los ojos detr\u00e1s de las gafas oscuras. Solo en una ocasi\u00f3n se las retir\u00f3 y pos\u00f3 para la siguiente foto. Entre los sue\u00f1os que abriga aparece la academia en l\u00ednea para impartir clases.<\/p>\n<p>A C\u00facuta lleg\u00f3 hace seis a\u00f1os. Hasta ac\u00e1 la impulsaron los problemas socioecon\u00f3micos que afronta Venezuela. No habla mal del presidente, porque de pronto escucha esas afirmaciones y toma represalias. Est\u00e1 sentada en el parque Los Fundadores. Antes, se encontraba en la calle 10, sitio que dej\u00f3 por problemas con un paisano. Aqu\u00ed, comparte espacio con los artesanos.<\/p>\n<ul>\n<li><em>Domino el retrato al momento, en 10 minutos lo hago a una sola persona si trae la foto.<\/em><\/li>\n<\/ul>\n<p><a href=\"https:\/\/contraluzcucuta.co\/wp-content\/uploads\/2024\/05\/MARGARITA-MOLLER-4.jpeg\"><img loading=\"lazy\" decoding=\"async\" class=\"alignnone  wp-image-41814 alignleft\" src=\"https:\/\/contraluzcucuta.co\/wp-content\/uploads\/2024\/05\/MARGARITA-MOLLER-4-225x300.jpeg\" alt=\"\" width=\"208\" height=\"277\" srcset=\"https:\/\/contraluzcucuta.co\/wp-content\/uploads\/2024\/05\/MARGARITA-MOLLER-4-225x300.jpeg 225w, https:\/\/contraluzcucuta.co\/wp-content\/uploads\/2024\/05\/MARGARITA-MOLLER-4-600x800.jpeg 600w, https:\/\/contraluzcucuta.co\/wp-content\/uploads\/2024\/05\/MARGARITA-MOLLER-4-768x1024.jpeg 768w, https:\/\/contraluzcucuta.co\/wp-content\/uploads\/2024\/05\/MARGARITA-MOLLER-4-1152x1536.jpeg 1152w, https:\/\/contraluzcucuta.co\/wp-content\/uploads\/2024\/05\/MARGARITA-MOLLER-4.jpeg 1200w\" sizes=\"auto, (max-width: 208px) 100vw, 208px\" \/><\/a><\/p>\n<p>Siente que los cucute\u00f1os la han tratado bien, de lo contrario se hubiera ido. En ese tiempo que lleva en la ciudad ha retratado a centenares de colombianos y venezolanos que aprecian lo que hace. El tiempo empleado depende del tama\u00f1o. En algunas ocasiones la han contratado para hacer murales de retratos.<\/p>\n<p>La destreza la ha ganado con la constancia diaria. El dibujo es matem\u00e1tico. Suelta el segundo sue\u00f1o. Meterse en las redes sociales para ser millonaria. Es un deseo que expresa con seguridad. \u201cClaro, quiero ser millonaria\u201d y ganarse el primer mill\u00f3n no de pesos, sino de d\u00f3lares.<\/p>\n<p>Para alcanzar esa cifra en billetes verdes trabaja en la posibilidad de ense\u00f1ar algo que no han hecho los dem\u00e1s. Comenzar con ideas propias para innovar en el mercado del arte. Cobrar\u00e1 en criptomonedas cuando digitalice el arte que produce.<\/p>\n<p>Todav\u00eda no sabe qu\u00e9 har\u00e1 con ese primer mill\u00f3n. De lo que s\u00ed est\u00e1 segura es de que primero tiene que sentirlo; luego, invertirlo para que genere otros cinco millones. Suelta una carcajada, la primera de esa ma\u00f1ana, y aclara que est\u00e1 echando broma.<\/p>\n<ul>\n<li><em>Lo bueno que viene ahora son las redes sociales, trabajar y ganar dinero. Tambi\u00e9n, estoy creando mi cat\u00e1logo en f\u00edsico para contactar gente que le guste el arte y maneje plata y empresas para venderle obras.<\/em><\/li>\n<\/ul>\n<p>A pesar de ese optimismo que aflora cuando habla, se detiene un momento para hacer una confesi\u00f3n: \u201cA veces me he ido para la casa sin dinero\u201d. Tampoco es que quiera ponerse a llorar. Est\u00e1 segura de que eso se va a acabar poco a poco. \u201cHay otros d\u00edas que todo me sale bien\u201d.<\/p>\n<p>Hoy, al mirarse al espejo, ve a una mujer llena de fortaleza. No es la Margarita que lleg\u00f3 dolida, aprendi\u00f3 a recuperarse del dolor y a estar sola.<\/p>\n<ul>\n<li><em>Ahora tengo fortaleza de cocodrilo. Nadie me hace llorar. O sea que si me sale una l\u00e1grima, ser\u00e1 una l\u00e1grima de cocodrilo.<\/em><\/li>\n<\/ul>\n<p><strong>RAFAEL ANTONIO PAB\u00d3N<\/strong><\/p>\n<p><strong><a href=\"mailto:rafaelpabon58@hotmail.com\">rafaelpabon58@hotmail.com<\/a><\/strong><\/p>\n","protected":false},"excerpt":{"rendered":"<p>C\u00daCUTA.- Al principio de la carrera como artista firmaba los trabajos con el nombre verdadero. Luego, tom\u00f3 el ejemplo de colegas pintores, cantantes, escultores y opt\u00f3 por Margarita M\u00f6ller. El apellido lo tom\u00f3 prestado de una amiga. El cambio de identidad fue recomendaci\u00f3n de un amigo a quien no le parec\u00eda que Zenaida Garc\u00eda vender\u00eda &hellip;<\/p>\n","protected":false},"author":1,"featured_media":41811,"comment_status":"open","ping_status":"open","sticky":false,"template":"","format":"standard","meta":{"footnotes":""},"categories":[5970,45,4],"tags":[427,5935,6287],"class_list":["post-41808","post","type-post","status-publish","format-standard","has-post-thumbnail","hentry","category-conversaciones-de-entre-casa","category-destacado","category-barra","tag-artistas-cucutenos","tag-conversaciones-de-entre-casa","tag-margarita-moller"],"_links":{"self":[{"href":"https:\/\/contraluzcucuta.co\/index.php?rest_route=\/wp\/v2\/posts\/41808","targetHints":{"allow":["GET"]}}],"collection":[{"href":"https:\/\/contraluzcucuta.co\/index.php?rest_route=\/wp\/v2\/posts"}],"about":[{"href":"https:\/\/contraluzcucuta.co\/index.php?rest_route=\/wp\/v2\/types\/post"}],"author":[{"embeddable":true,"href":"https:\/\/contraluzcucuta.co\/index.php?rest_route=\/wp\/v2\/users\/1"}],"replies":[{"embeddable":true,"href":"https:\/\/contraluzcucuta.co\/index.php?rest_route=%2Fwp%2Fv2%2Fcomments&post=41808"}],"version-history":[{"count":1,"href":"https:\/\/contraluzcucuta.co\/index.php?rest_route=\/wp\/v2\/posts\/41808\/revisions"}],"predecessor-version":[{"id":41815,"href":"https:\/\/contraluzcucuta.co\/index.php?rest_route=\/wp\/v2\/posts\/41808\/revisions\/41815"}],"wp:featuredmedia":[{"embeddable":true,"href":"https:\/\/contraluzcucuta.co\/index.php?rest_route=\/wp\/v2\/media\/41811"}],"wp:attachment":[{"href":"https:\/\/contraluzcucuta.co\/index.php?rest_route=%2Fwp%2Fv2%2Fmedia&parent=41808"}],"wp:term":[{"taxonomy":"category","embeddable":true,"href":"https:\/\/contraluzcucuta.co\/index.php?rest_route=%2Fwp%2Fv2%2Fcategories&post=41808"},{"taxonomy":"post_tag","embeddable":true,"href":"https:\/\/contraluzcucuta.co\/index.php?rest_route=%2Fwp%2Fv2%2Ftags&post=41808"}],"curies":[{"name":"wp","href":"https:\/\/api.w.org\/{rel}","templated":true}]}}