{"id":41804,"date":"2024-05-06T13:16:13","date_gmt":"2024-05-06T18:16:13","guid":{"rendered":"https:\/\/contraluzcucuta.co\/?p=41804"},"modified":"2024-05-06T13:16:13","modified_gmt":"2024-05-06T18:16:13","slug":"agresiones-a-la-prensa-norte-de-santander-20-casos-en-4-meses","status":"publish","type":"post","link":"https:\/\/contraluzcucuta.co\/?p=41804","title":{"rendered":"AGRESIONES A LA PRENSA. Norte de Santander, 20 casos en 4 meses"},"content":{"rendered":"<p style=\"padding-left: 40px; text-align: right;\"><strong><span style=\"color: #ff9900;\">BOGOT\u00c1.- \u00a0de Santander, con 20 casos, es el segundo departamento en el listado de agresiones a los periodistas. El primer lugar lo ocupa Bogot\u00e1 (58). Antioquia es tercero (15) y Arauca (13), cuarto.<\/span><\/strong><\/p>\n<figure id=\"attachment_41806\" aria-describedby=\"caption-attachment-41806\" style=\"width: 300px\" class=\"wp-caption alignleft\"><a href=\"https:\/\/contraluzcucuta.co\/wp-content\/uploads\/2024\/05\/PERIODISTAS-TRABAJO-5.jpg\"><img loading=\"lazy\" decoding=\"async\" class=\"size-medium wp-image-41806\" src=\"https:\/\/contraluzcucuta.co\/wp-content\/uploads\/2024\/05\/PERIODISTAS-TRABAJO-5-300x225.jpg\" alt=\"\" width=\"300\" height=\"225\" srcset=\"https:\/\/contraluzcucuta.co\/wp-content\/uploads\/2024\/05\/PERIODISTAS-TRABAJO-5-300x225.jpg 300w, https:\/\/contraluzcucuta.co\/wp-content\/uploads\/2024\/05\/PERIODISTAS-TRABAJO-5-600x450.jpg 600w, https:\/\/contraluzcucuta.co\/wp-content\/uploads\/2024\/05\/PERIODISTAS-TRABAJO-5-1024x768.jpg 1024w, https:\/\/contraluzcucuta.co\/wp-content\/uploads\/2024\/05\/PERIODISTAS-TRABAJO-5-768x576.jpg 768w, https:\/\/contraluzcucuta.co\/wp-content\/uploads\/2024\/05\/PERIODISTAS-TRABAJO-5.jpg 1200w\" sizes=\"auto, (max-width: 300px) 100vw, 300px\" \/><\/a><figcaption id=\"caption-attachment-41806\" class=\"wp-caption-text\"><em>Foto: Internet<\/em><\/figcaption><\/figure>\n<p>En los primeros cuatro meses del a\u00f1o, la Fundaci\u00f3n para la Libertad de Prensa ha documentado 158 agresiones. El mayor riesgo lo afrontan quienes cubren temas relacionados con administraciones p\u00fablicas, manifestaciones, seguridad y conflicto armado.<\/p>\n<p>\u201cEste escalamiento de la violencia tiene un efecto inhibitorio en el periodismo, vulnera los principios democr\u00e1ticos y plurales de las sociedades, y evidencia que las y los periodistas corren un riesgo cada vez mayor\u201d, se\u00f1al\u00f3 la FLIP.<\/p>\n<p>Las mayores agresiones a los periodistas, seg\u00fan datos de la Fundaci\u00f3n, est\u00e1n representadas en:<\/p>\n<ul>\n<li>Obstrucciones al trabajo<\/li>\n<li>Acoso<\/li>\n<li>Estigmatizaciones<\/li>\n<li>Agresiones f\u00edsicas<\/li>\n<\/ul>\n<p>En el mundo, Colombia ocupa el puesto 119 en materia de libertad de prensa, entre 180 pa\u00edses analizados por Reporteros sin Fronteras. Esto significa que los periodistas nacionales est\u00e1n en situaci\u00f3n dif\u00edcil para ejercer la profesi\u00f3n.<\/p>\n<p>Los particulares son los principales agresores de periodistas, seguidos por funcionarios, desconocidos, bandas delincuenciales, disidencias y guerrilla, y la fuerza p\u00fablica.<\/p>\n","protected":false},"excerpt":{"rendered":"<p>BOGOT\u00c1.- \u00a0de Santander, con 20 casos, es el segundo departamento en el listado de agresiones a los periodistas. El primer lugar lo ocupa Bogot\u00e1 (58). Antioquia es tercero (15) y Arauca (13), cuarto. En los primeros cuatro meses del a\u00f1o, la Fundaci\u00f3n para la Libertad de Prensa ha documentado 158 agresiones. El mayor riesgo lo &hellip;<\/p>\n","protected":false},"author":1,"featured_media":41805,"comment_status":"open","ping_status":"open","sticky":false,"template":"","format":"standard","meta":{"footnotes":""},"categories":[11,4],"tags":[6286,972,1885,1187],"class_list":["post-41804","post","type-post","status-publish","format-standard","has-post-thumbnail","hentry","category-cronica-roja","category-barra","tag-agresiones-a-la-prensa","tag-flip","tag-periodistas-cucutenos","tag-reporteros-sin-fronteras"],"_links":{"self":[{"href":"https:\/\/contraluzcucuta.co\/index.php?rest_route=\/wp\/v2\/posts\/41804","targetHints":{"allow":["GET"]}}],"collection":[{"href":"https:\/\/contraluzcucuta.co\/index.php?rest_route=\/wp\/v2\/posts"}],"about":[{"href":"https:\/\/contraluzcucuta.co\/index.php?rest_route=\/wp\/v2\/types\/post"}],"author":[{"embeddable":true,"href":"https:\/\/contraluzcucuta.co\/index.php?rest_route=\/wp\/v2\/users\/1"}],"replies":[{"embeddable":true,"href":"https:\/\/contraluzcucuta.co\/index.php?rest_route=%2Fwp%2Fv2%2Fcomments&post=41804"}],"version-history":[{"count":1,"href":"https:\/\/contraluzcucuta.co\/index.php?rest_route=\/wp\/v2\/posts\/41804\/revisions"}],"predecessor-version":[{"id":41807,"href":"https:\/\/contraluzcucuta.co\/index.php?rest_route=\/wp\/v2\/posts\/41804\/revisions\/41807"}],"wp:featuredmedia":[{"embeddable":true,"href":"https:\/\/contraluzcucuta.co\/index.php?rest_route=\/wp\/v2\/media\/41805"}],"wp:attachment":[{"href":"https:\/\/contraluzcucuta.co\/index.php?rest_route=%2Fwp%2Fv2%2Fmedia&parent=41804"}],"wp:term":[{"taxonomy":"category","embeddable":true,"href":"https:\/\/contraluzcucuta.co\/index.php?rest_route=%2Fwp%2Fv2%2Fcategories&post=41804"},{"taxonomy":"post_tag","embeddable":true,"href":"https:\/\/contraluzcucuta.co\/index.php?rest_route=%2Fwp%2Fv2%2Ftags&post=41804"}],"curies":[{"name":"wp","href":"https:\/\/api.w.org\/{rel}","templated":true}]}}