{"id":41796,"date":"2024-05-06T12:55:18","date_gmt":"2024-05-06T17:55:18","guid":{"rendered":"https:\/\/contraluzcucuta.co\/?p=41796"},"modified":"2024-05-06T13:00:06","modified_gmt":"2024-05-06T18:00:06","slug":"corredor-vial-943-400-beneficiados-en-6-municipios","status":"publish","type":"post","link":"https:\/\/contraluzcucuta.co\/?p=41796","title":{"rendered":"CORREDOR VIAL. 943.400 beneficiados en 6 municipios"},"content":{"rendered":"<p style=\"padding-left: 40px; text-align: right;\"><strong><span style=\"color: #ff9900;\">C\u00daCUTA.- 943.400 habitantes de C\u00facuta, Pamplona, Pamplonita, Bochalema, Chin\u00e1cota y Los Patios ser\u00e1n los beneficiados directos con la entrega del corredor vial, que tiene una extensi\u00f3n de 62,6 kil\u00f3metros (origen destino).<\/span><\/strong><\/p>\n<p><a href=\"https:\/\/contraluzcucuta.co\/wp-content\/uploads\/2024\/05\/CORREDOR-VIAL-CUCUTA-PAMPLONA-4.jpg\"><img loading=\"lazy\" decoding=\"async\" class=\"alignnone  wp-image-41800 alignleft\" src=\"https:\/\/contraluzcucuta.co\/wp-content\/uploads\/2024\/05\/CORREDOR-VIAL-CUCUTA-PAMPLONA-4-300x169.jpg\" alt=\"\" width=\"249\" height=\"140\" srcset=\"https:\/\/contraluzcucuta.co\/wp-content\/uploads\/2024\/05\/CORREDOR-VIAL-CUCUTA-PAMPLONA-4-300x169.jpg 300w, https:\/\/contraluzcucuta.co\/wp-content\/uploads\/2024\/05\/CORREDOR-VIAL-CUCUTA-PAMPLONA-4.jpg 600w\" sizes=\"auto, (max-width: 249px) 100vw, 249px\" \/><\/a><\/p>\n<p>Las cifras del proyecto son:<\/p>\n<p>&#8211; 72,7 kil\u00f3metros rehabilitados.<\/p>\n<p>&#8211; 50,2 kil\u00f3metros de v\u00eda nueva.<\/p>\n<p>&#8211; 6 Unidades Funcionales.<\/p>\n<p>&#8211; 23 puentes.<\/p>\n<p>&#8211; 3 t\u00faneles.<\/p>\n<ul>\n<li>300 empleos generados durante la construcci\u00f3n.<\/li>\n<li>Inversi\u00f3n: $ 2,45 billones en CAPEX<\/li>\n<\/ul>\n<p><a href=\"https:\/\/contraluzcucuta.co\/wp-content\/uploads\/2024\/05\/CORREDOR-VIAL-CUCUTA-PAMPLONA-3.jpg\"><img loading=\"lazy\" decoding=\"async\" class=\"alignnone  wp-image-41801 alignleft\" src=\"https:\/\/contraluzcucuta.co\/wp-content\/uploads\/2024\/05\/CORREDOR-VIAL-CUCUTA-PAMPLONA-3-300x169.jpg\" alt=\"\" width=\"247\" height=\"139\" srcset=\"https:\/\/contraluzcucuta.co\/wp-content\/uploads\/2024\/05\/CORREDOR-VIAL-CUCUTA-PAMPLONA-3-300x169.jpg 300w, https:\/\/contraluzcucuta.co\/wp-content\/uploads\/2024\/05\/CORREDOR-VIAL-CUCUTA-PAMPLONA-3.jpg 600w\" sizes=\"auto, (max-width: 247px) 100vw, 247px\" \/><\/a><\/p>\n<p>La puesta en funcionamiento de 32,4 kil\u00f3metros de segunda calzada, correspondientes a las unidades funcionales 3 y 4, permitir\u00e1 que la regi\u00f3n est\u00e9 mejor conectada con el interior del pa\u00eds y la zona de frontera.<\/p>\n<p>\u201cEste proyecto 4G se constituye en uno de los ejes viales m\u00e1s representativos para el nororiente colombiano, dado el potencial econ\u00f3mico y tur\u00edstico de Norte de Santander\u201d, indic\u00f3 William Camargo Triana, ministro de Transporte.<\/p>\n<p>En el proyecto sobresalen las obras:<\/p>\n<ul>\n<li>Variante y t\u00fanel de Pamplona, de 1400 metros, este \u00faltimo es el primero para Norte de Santander.<\/li>\n<li>T\u00fanel de Pamplonita, con longitud de 1071 metros<\/li>\n<li>T\u00fanel de La Honda, de 392 metros.<\/li>\n<li>23 puentes vehiculares.<\/li>\n<\/ul>\n<p><a href=\"https:\/\/contraluzcucuta.co\/wp-content\/uploads\/2024\/05\/CORREDOR-VIAL-CUCUTA-PAMPLONA-2.webp\"><img loading=\"lazy\" decoding=\"async\" class=\"alignnone  wp-image-41802 alignleft\" src=\"https:\/\/contraluzcucuta.co\/wp-content\/uploads\/2024\/05\/CORREDOR-VIAL-CUCUTA-PAMPLONA-2-300x150.webp\" alt=\"\" width=\"250\" height=\"125\" srcset=\"https:\/\/contraluzcucuta.co\/wp-content\/uploads\/2024\/05\/CORREDOR-VIAL-CUCUTA-PAMPLONA-2-300x150.webp 300w, https:\/\/contraluzcucuta.co\/wp-content\/uploads\/2024\/05\/CORREDOR-VIAL-CUCUTA-PAMPLONA-2-600x300.webp 600w, https:\/\/contraluzcucuta.co\/wp-content\/uploads\/2024\/05\/CORREDOR-VIAL-CUCUTA-PAMPLONA-2-660x330.webp 660w, https:\/\/contraluzcucuta.co\/wp-content\/uploads\/2024\/05\/CORREDOR-VIAL-CUCUTA-PAMPLONA-2.webp 700w\" sizes=\"auto, (max-width: 250px) 100vw, 250px\" \/><\/a><\/p>\n<p>El 23 de marzo, se pusieron en operaci\u00f3n 5,9 kil\u00f3metros de segunda calzada, desde La Donjuana hasta Los Acacios, en la Unidad Funcional 5. Destaca el viaducto de La Honda, de 386 metros de longitud y altura m\u00e1xima de 83,3 metros.<\/p>\n<p>A lo largo del corredor vial tambi\u00e9n se instalaron Sistemas Inteligentes de Transporte (ITS): 45 postes SOS, g\u00e1libos detectores de alturas (12 electr\u00f3nicos y 12 mec\u00e1nicos), 27 paneles de mensajer\u00eda variable, fibra \u00f3ptica, iluminaci\u00f3n en los nuevos puentes peatonales, 15 c\u00e1maras que conforman un circuito cerrado de televisi\u00f3n, 6 estaciones meteorol\u00f3gicas, 2 estaciones de toma de datos y 4 t\u00f3tems de control de velocidad.<\/p>\n<p>El proyecto cuenta con Centro de Control de Operaciones (CCO), construido en Los Acacios, desde donde se coordina el monitoreo del corredor vial.<\/p>\n","protected":false},"excerpt":{"rendered":"<p>C\u00daCUTA.- 943.400 habitantes de C\u00facuta, Pamplona, Pamplonita, Bochalema, Chin\u00e1cota y Los Patios ser\u00e1n los beneficiados directos con la entrega del corredor vial, que tiene una extensi\u00f3n de 62,6 kil\u00f3metros (origen destino). Las cifras del proyecto son: &#8211; 72,7 kil\u00f3metros rehabilitados. &#8211; 50,2 kil\u00f3metros de v\u00eda nueva. &#8211; 6 Unidades Funcionales. &#8211; 23 puentes. &#8211; 3 &hellip;<\/p>\n","protected":false},"author":1,"featured_media":41798,"comment_status":"open","ping_status":"open","sticky":false,"template":"","format":"standard","meta":{"footnotes":""},"categories":[4,32],"tags":[4834,393,5250,6278],"class_list":["post-41796","post","type-post","status-publish","format-standard","has-post-thumbnail","hentry","category-barra","category-recorrido-por-la-region","tag-cucuta-pamplona","tag-invias","tag-mintransporte","tag-proyecto-4g"],"_links":{"self":[{"href":"https:\/\/contraluzcucuta.co\/index.php?rest_route=\/wp\/v2\/posts\/41796","targetHints":{"allow":["GET"]}}],"collection":[{"href":"https:\/\/contraluzcucuta.co\/index.php?rest_route=\/wp\/v2\/posts"}],"about":[{"href":"https:\/\/contraluzcucuta.co\/index.php?rest_route=\/wp\/v2\/types\/post"}],"author":[{"embeddable":true,"href":"https:\/\/contraluzcucuta.co\/index.php?rest_route=\/wp\/v2\/users\/1"}],"replies":[{"embeddable":true,"href":"https:\/\/contraluzcucuta.co\/index.php?rest_route=%2Fwp%2Fv2%2Fcomments&post=41796"}],"version-history":[{"count":3,"href":"https:\/\/contraluzcucuta.co\/index.php?rest_route=\/wp\/v2\/posts\/41796\/revisions"}],"predecessor-version":[{"id":41803,"href":"https:\/\/contraluzcucuta.co\/index.php?rest_route=\/wp\/v2\/posts\/41796\/revisions\/41803"}],"wp:featuredmedia":[{"embeddable":true,"href":"https:\/\/contraluzcucuta.co\/index.php?rest_route=\/wp\/v2\/media\/41798"}],"wp:attachment":[{"href":"https:\/\/contraluzcucuta.co\/index.php?rest_route=%2Fwp%2Fv2%2Fmedia&parent=41796"}],"wp:term":[{"taxonomy":"category","embeddable":true,"href":"https:\/\/contraluzcucuta.co\/index.php?rest_route=%2Fwp%2Fv2%2Fcategories&post=41796"},{"taxonomy":"post_tag","embeddable":true,"href":"https:\/\/contraluzcucuta.co\/index.php?rest_route=%2Fwp%2Fv2%2Ftags&post=41796"}],"curies":[{"name":"wp","href":"https:\/\/api.w.org\/{rel}","templated":true}]}}