{"id":41781,"date":"2024-05-06T11:49:47","date_gmt":"2024-05-06T16:49:47","guid":{"rendered":"https:\/\/contraluzcucuta.co\/?p=41781"},"modified":"2024-05-06T11:49:47","modified_gmt":"2024-05-06T16:49:47","slug":"cementerio-central-apertura-parcial","status":"publish","type":"post","link":"https:\/\/contraluzcucuta.co\/?p=41781","title":{"rendered":"CEMENTERIO CENTRAL. Apertura parcial"},"content":{"rendered":"<p style=\"padding-left: 40px; text-align: right;\"><strong><span style=\"color: #ff9900;\">C\u00daCUTA.- El Cementerio Central podr\u00e1 ser utilizado, de manera parcial, en periodos en los que no se tenga programada intervenci\u00f3n forense por parte de la Jurisdicci\u00f3n Especial para la Paz (JEP).<\/span><\/strong><\/p>\n<p>La comunidad podr\u00e1 acceder al campo santo bajo las condiciones establecidas en el Decreto 225, que prioriza el respeto a las normas de seguridad y salud p\u00fablica.<\/p>\n<p>El secretario de Gobierno, Miguel Castellanos, anunci\u00f3 la apertura del Cementerio mediante el decreto que adiciona y modifica el Decreto 182 de 2024, que hab\u00eda ordenado el cierre indefinido.<\/p>\n","protected":false},"excerpt":{"rendered":"<p>C\u00daCUTA.- El Cementerio Central podr\u00e1 ser utilizado, de manera parcial, en periodos en los que no se tenga programada intervenci\u00f3n forense por parte de la Jurisdicci\u00f3n Especial para la Paz (JEP). La comunidad podr\u00e1 acceder al campo santo bajo las condiciones establecidas en el Decreto 225, que prioriza el respeto a las normas de seguridad &hellip;<\/p>\n","protected":false},"author":1,"featured_media":41782,"comment_status":"open","ping_status":"open","sticky":false,"template":"","format":"standard","meta":{"footnotes":""},"categories":[11,4],"tags":[2461],"class_list":["post-41781","post","type-post","status-publish","format-standard","has-post-thumbnail","hentry","category-cronica-roja","category-barra","tag-cementerio-central-de-cucuta"],"_links":{"self":[{"href":"https:\/\/contraluzcucuta.co\/index.php?rest_route=\/wp\/v2\/posts\/41781","targetHints":{"allow":["GET"]}}],"collection":[{"href":"https:\/\/contraluzcucuta.co\/index.php?rest_route=\/wp\/v2\/posts"}],"about":[{"href":"https:\/\/contraluzcucuta.co\/index.php?rest_route=\/wp\/v2\/types\/post"}],"author":[{"embeddable":true,"href":"https:\/\/contraluzcucuta.co\/index.php?rest_route=\/wp\/v2\/users\/1"}],"replies":[{"embeddable":true,"href":"https:\/\/contraluzcucuta.co\/index.php?rest_route=%2Fwp%2Fv2%2Fcomments&post=41781"}],"version-history":[{"count":1,"href":"https:\/\/contraluzcucuta.co\/index.php?rest_route=\/wp\/v2\/posts\/41781\/revisions"}],"predecessor-version":[{"id":41783,"href":"https:\/\/contraluzcucuta.co\/index.php?rest_route=\/wp\/v2\/posts\/41781\/revisions\/41783"}],"wp:featuredmedia":[{"embeddable":true,"href":"https:\/\/contraluzcucuta.co\/index.php?rest_route=\/wp\/v2\/media\/41782"}],"wp:attachment":[{"href":"https:\/\/contraluzcucuta.co\/index.php?rest_route=%2Fwp%2Fv2%2Fmedia&parent=41781"}],"wp:term":[{"taxonomy":"category","embeddable":true,"href":"https:\/\/contraluzcucuta.co\/index.php?rest_route=%2Fwp%2Fv2%2Fcategories&post=41781"},{"taxonomy":"post_tag","embeddable":true,"href":"https:\/\/contraluzcucuta.co\/index.php?rest_route=%2Fwp%2Fv2%2Ftags&post=41781"}],"curies":[{"name":"wp","href":"https:\/\/api.w.org\/{rel}","templated":true}]}}