{"id":41753,"date":"2024-05-01T08:14:47","date_gmt":"2024-05-01T13:14:47","guid":{"rendered":"https:\/\/contraluzcucuta.co\/?p=41753"},"modified":"2024-05-01T08:14:47","modified_gmt":"2024-05-01T13:14:47","slug":"paz-territorial-mesa-de-reincorporacion-un-paso-hacia-la-reconciliacion","status":"publish","type":"post","link":"https:\/\/contraluzcucuta.co\/?p=41753","title":{"rendered":"PAZ TERRITORIAL. Mesa de Reincorporaci\u00f3n, un paso hacia la reconciliaci\u00f3n"},"content":{"rendered":"<p style=\"padding-left: 40px; text-align: right;\"><strong><span style=\"color: #ff9900;\">C\u00daCUTA.- En un esfuerzo por fomentar la paz territorial y promover la inclusi\u00f3n y la equidad en Norte de Santander, la Secretar\u00eda de Gobierno dio comienzo a la Mesa de Reincorporaci\u00f3n. La iniciativa busca garantizar los derechos humanos y facilitar la transici\u00f3n de excombatientes a la vida civil. En la primera sesi\u00f3n, se trataron aspectos cruciales para el \u00e9xito del proceso, la aprobaci\u00f3n del Plan de Acci\u00f3n 2024, la socializaci\u00f3n del decreto de creaci\u00f3n de la Mesa y la presentaci\u00f3n de la ruta de protecci\u00f3n y seguridad.<\/span><\/strong><\/p>\n<p><a href=\"https:\/\/contraluzcucuta.co\/wp-content\/uploads\/2024\/05\/PAZ-TERRITORIAL-4.jpeg\"><img loading=\"lazy\" decoding=\"async\" class=\"alignnone  wp-image-41755 alignleft\" src=\"https:\/\/contraluzcucuta.co\/wp-content\/uploads\/2024\/05\/PAZ-TERRITORIAL-4-300x261.jpeg\" alt=\"\" width=\"246\" height=\"214\" srcset=\"https:\/\/contraluzcucuta.co\/wp-content\/uploads\/2024\/05\/PAZ-TERRITORIAL-4-300x261.jpeg 300w, https:\/\/contraluzcucuta.co\/wp-content\/uploads\/2024\/05\/PAZ-TERRITORIAL-4-600x521.jpeg 600w, https:\/\/contraluzcucuta.co\/wp-content\/uploads\/2024\/05\/PAZ-TERRITORIAL-4-1024x890.jpeg 1024w, https:\/\/contraluzcucuta.co\/wp-content\/uploads\/2024\/05\/PAZ-TERRITORIAL-4-768x667.jpeg 768w, https:\/\/contraluzcucuta.co\/wp-content\/uploads\/2024\/05\/PAZ-TERRITORIAL-4.jpeg 1280w\" sizes=\"auto, (max-width: 246px) 100vw, 246px\" \/><\/a><\/p>\n<p><strong>Promoviendo la Paz Territorial<\/strong><\/p>\n<p>La Mesa de Reincorporaci\u00f3n de Norte de Santander surge con el prop\u00f3sito central de fomentar la construcci\u00f3n colectiva de la paz territorial. Al reconocer la importancia de la participaci\u00f3n de los actores involucrados, la iniciativa busca establecer un espacio de di\u00e1logo y colaboraci\u00f3n en el que puedan abordarse desaf\u00edos y oportunidades relacionados con la reincorporaci\u00f3n de excombatientes.<\/p>\n<p><strong>Fortalecimiento de la Inclusi\u00f3n y la Equidad<\/strong><\/p>\n<p>La inclusi\u00f3n y la equidad son pilares fundamentales en el proceso de reincorporaci\u00f3n. La Mesa se compromete a promover la participaci\u00f3n igualitaria de los involucrados, garantiza que las voces de las comunidades, especialmente las afectadas por el conflicto, sean escuchadas y tenidas en cuenta en la toma de decisiones.<\/p>\n<p><a href=\"https:\/\/contraluzcucuta.co\/wp-content\/uploads\/2024\/05\/PAZ-TERRITORIAL-8.jpeg\"><img loading=\"lazy\" decoding=\"async\" class=\"alignnone  wp-image-41756 alignleft\" src=\"https:\/\/contraluzcucuta.co\/wp-content\/uploads\/2024\/05\/PAZ-TERRITORIAL-8-300x194.jpeg\" alt=\"\" width=\"240\" height=\"155\" srcset=\"https:\/\/contraluzcucuta.co\/wp-content\/uploads\/2024\/05\/PAZ-TERRITORIAL-8-300x194.jpeg 300w, https:\/\/contraluzcucuta.co\/wp-content\/uploads\/2024\/05\/PAZ-TERRITORIAL-8-600x388.jpeg 600w, https:\/\/contraluzcucuta.co\/wp-content\/uploads\/2024\/05\/PAZ-TERRITORIAL-8-1024x662.jpeg 1024w, https:\/\/contraluzcucuta.co\/wp-content\/uploads\/2024\/05\/PAZ-TERRITORIAL-8-768x497.jpeg 768w, https:\/\/contraluzcucuta.co\/wp-content\/uploads\/2024\/05\/PAZ-TERRITORIAL-8-1536x993.jpeg 1536w, https:\/\/contraluzcucuta.co\/wp-content\/uploads\/2024\/05\/PAZ-TERRITORIAL-8.jpeg 1599w\" sizes=\"auto, (max-width: 240px) 100vw, 240px\" \/><\/a><\/p>\n<p><strong>Garantizando los Derechos Humanos<\/strong><\/p>\n<p>La protecci\u00f3n y la promoci\u00f3n de los derechos humanos son imperativos ineludibles en el proceso de reincorporaci\u00f3n. La Mesa se compromete a velar por el respeto y la garant\u00eda de los derechos de los involucrados y asegura que las necesidades sean atendidas de manera integral y respetuosa.<\/p>\n<p><strong>Acciones Futuras<\/strong><\/p>\n<p>En las pr\u00f3ximas sesiones, la Mesa continuar\u00e1 el trabajo para la implementaci\u00f3n del Plan de Acci\u00f3n 2024 y el dise\u00f1o y la implementaci\u00f3n de estrategias adicionales para promover la paz, la inclusi\u00f3n y la equidad en Norte de Santander. Fortalecer\u00e1 la coordinaci\u00f3n con otras entidades gubernamentales y organizaciones de la sociedad civil para maximizar el impacto de las iniciativas de reincorporaci\u00f3n.<\/p>\n<p>La Mesa de Reincorporaci\u00f3n representa un paso significativo hacia la construcci\u00f3n de la paz territorial y la reconciliaci\u00f3n en la regi\u00f3n. Con un enfoque en la inclusi\u00f3n, la equidad y el respeto por los derechos humanos, la iniciativa est\u00e1 llamada a desempe\u00f1ar papel crucial en el proceso de reintegraci\u00f3n de excombatientes y en la construcci\u00f3n de un futuro justo y pac\u00edfico para el departamento.<\/p>\n<p><strong>Prensa Secretar\u00eda de Gobierno Norte de Santander.<\/strong><\/p>\n","protected":false},"excerpt":{"rendered":"<p>C\u00daCUTA.- En un esfuerzo por fomentar la paz territorial y promover la inclusi\u00f3n y la equidad en Norte de Santander, la Secretar\u00eda de Gobierno dio comienzo a la Mesa de Reincorporaci\u00f3n. La iniciativa busca garantizar los derechos humanos y facilitar la transici\u00f3n de excombatientes a la vida civil. En la primera sesi\u00f3n, se trataron aspectos &hellip;<\/p>\n","protected":false},"author":1,"featured_media":41754,"comment_status":"open","ping_status":"open","sticky":false,"template":"","format":"standard","meta":{"footnotes":""},"categories":[4,5],"tags":[4131,157,6280,2934],"class_list":["post-41753","post","type-post","status-publish","format-standard","has-post-thumbnail","hentry","category-barra","category-justicia-transicional","tag-excombatientes","tag-justicia-transicional-2","tag-mesa-de-reincorporacion","tag-secretaria-de-gobierno"],"_links":{"self":[{"href":"https:\/\/contraluzcucuta.co\/index.php?rest_route=\/wp\/v2\/posts\/41753","targetHints":{"allow":["GET"]}}],"collection":[{"href":"https:\/\/contraluzcucuta.co\/index.php?rest_route=\/wp\/v2\/posts"}],"about":[{"href":"https:\/\/contraluzcucuta.co\/index.php?rest_route=\/wp\/v2\/types\/post"}],"author":[{"embeddable":true,"href":"https:\/\/contraluzcucuta.co\/index.php?rest_route=\/wp\/v2\/users\/1"}],"replies":[{"embeddable":true,"href":"https:\/\/contraluzcucuta.co\/index.php?rest_route=%2Fwp%2Fv2%2Fcomments&post=41753"}],"version-history":[{"count":1,"href":"https:\/\/contraluzcucuta.co\/index.php?rest_route=\/wp\/v2\/posts\/41753\/revisions"}],"predecessor-version":[{"id":41757,"href":"https:\/\/contraluzcucuta.co\/index.php?rest_route=\/wp\/v2\/posts\/41753\/revisions\/41757"}],"wp:featuredmedia":[{"embeddable":true,"href":"https:\/\/contraluzcucuta.co\/index.php?rest_route=\/wp\/v2\/media\/41754"}],"wp:attachment":[{"href":"https:\/\/contraluzcucuta.co\/index.php?rest_route=%2Fwp%2Fv2%2Fmedia&parent=41753"}],"wp:term":[{"taxonomy":"category","embeddable":true,"href":"https:\/\/contraluzcucuta.co\/index.php?rest_route=%2Fwp%2Fv2%2Fcategories&post=41753"},{"taxonomy":"post_tag","embeddable":true,"href":"https:\/\/contraluzcucuta.co\/index.php?rest_route=%2Fwp%2Fv2%2Ftags&post=41753"}],"curies":[{"name":"wp","href":"https:\/\/api.w.org\/{rel}","templated":true}]}}