{"id":41748,"date":"2024-05-01T08:02:40","date_gmt":"2024-05-01T13:02:40","guid":{"rendered":"https:\/\/contraluzcucuta.co\/?p=41748"},"modified":"2024-05-01T08:02:40","modified_gmt":"2024-05-01T13:02:40","slug":"plan-de-desarrollo-pueblos-indigenas-priorizaron-32-iniciativas","status":"publish","type":"post","link":"https:\/\/contraluzcucuta.co\/?p=41748","title":{"rendered":"PLAN DE DESARROLLO. Pueblos ind\u00edgenas priorizaron 32 iniciativas"},"content":{"rendered":"<p style=\"padding-left: 40px; text-align: right;\"><strong><span style=\"color: #ff9900;\">C\u00daCUTA.- Autoridades de los pueblos Bari (resguardos Motil\u00f3n Bari y Catalaura), U\u2019wa, Kichwa, Inga, Yukpa y Way\u00fau priorizaron 32 iniciativas para ser estudiadas e incluidas en el Plan de Desarrollo 2024 \u2013 2027. La Secretar\u00eda de Desarrollo Social y la Consejer\u00eda Departamental para las Etnias lideraron la primera sesi\u00f3n de la Mesa de Concertaci\u00f3n, Interlocuci\u00f3n y Di\u00e1logo de los Pueblos Ind\u00edgenas de Norte de Santander.<\/span><\/strong><\/p>\n<p>&nbsp;<\/p>\n<p><a href=\"https:\/\/contraluzcucuta.co\/wp-content\/uploads\/2024\/05\/GOBERNADOR-PUEBLOS-INDIGENAS-3-scaled.jpg\"><img loading=\"lazy\" decoding=\"async\" class=\"alignnone  wp-image-41751 alignleft\" src=\"https:\/\/contraluzcucuta.co\/wp-content\/uploads\/2024\/05\/GOBERNADOR-PUEBLOS-INDIGENAS-3-300x200.jpg\" alt=\"\" width=\"249\" height=\"166\" srcset=\"https:\/\/contraluzcucuta.co\/wp-content\/uploads\/2024\/05\/GOBERNADOR-PUEBLOS-INDIGENAS-3-300x200.jpg 300w, https:\/\/contraluzcucuta.co\/wp-content\/uploads\/2024\/05\/GOBERNADOR-PUEBLOS-INDIGENAS-3-600x400.jpg 600w, https:\/\/contraluzcucuta.co\/wp-content\/uploads\/2024\/05\/GOBERNADOR-PUEBLOS-INDIGENAS-3-1024x683.jpg 1024w, https:\/\/contraluzcucuta.co\/wp-content\/uploads\/2024\/05\/GOBERNADOR-PUEBLOS-INDIGENAS-3-768x512.jpg 768w, https:\/\/contraluzcucuta.co\/wp-content\/uploads\/2024\/05\/GOBERNADOR-PUEBLOS-INDIGENAS-3-1536x1024.jpg 1536w, https:\/\/contraluzcucuta.co\/wp-content\/uploads\/2024\/05\/GOBERNADOR-PUEBLOS-INDIGENAS-3-2048x1365.jpg 2048w, https:\/\/contraluzcucuta.co\/wp-content\/uploads\/2024\/05\/GOBERNADOR-PUEBLOS-INDIGENAS-3-310x205.jpg 310w\" sizes=\"auto, (max-width: 249px) 100vw, 249px\" \/><\/a><\/p>\n<p>La reuni\u00f3n estuvo encabezada por el gobernador William Villamizar, quien se comprometi\u00f3 a incluir las propuestas en el documento final y, tambi\u00e9n, a garantizarles iniciativas culturales, proyectos productivos, conectividad, educaci\u00f3n diferencial, escenarios deportivos y medicina tradicional. \u201cPara que no se pierdan sus costumbres ancestrales\u201d.<\/p>\n<p>Las propuestas acordadas por las autoridades responden a los ejes estrat\u00e9gicos relacionados en la Pol\u00edtica P\u00fablica Integral, correspondiente a:<\/p>\n<ul>\n<li>Fortalecimiento del gobierno ind\u00edgena<\/li>\n<li>Protecci\u00f3n, convivencia, paz y reconciliaci\u00f3n<\/li>\n<li>Fortalecimiento de la cultura y la identidad<\/li>\n<li>Revitalizaci\u00f3n de tradiciones, juegos y costumbres<\/li>\n<li>Mujer, familia y generaci\u00f3n.<\/li>\n<li>Salud y educaci\u00f3n para comunidades ind\u00edgenas<\/li>\n<li>Impulso a la econom\u00eda y al territorio<\/li>\n<li>Fortalecimiento de la econom\u00eda propia y comunitaria.<\/li>\n<\/ul>\n<p>&nbsp;<\/p>\n<p><a href=\"https:\/\/contraluzcucuta.co\/wp-content\/uploads\/2024\/05\/GOBERNADOR-PUEBLOS-INDIGENAS-5-scaled.jpg\"><img loading=\"lazy\" decoding=\"async\" class=\"alignnone  wp-image-41750 alignleft\" src=\"https:\/\/contraluzcucuta.co\/wp-content\/uploads\/2024\/05\/GOBERNADOR-PUEBLOS-INDIGENAS-5-300x200.jpg\" alt=\"\" width=\"237\" height=\"158\" srcset=\"https:\/\/contraluzcucuta.co\/wp-content\/uploads\/2024\/05\/GOBERNADOR-PUEBLOS-INDIGENAS-5-300x200.jpg 300w, https:\/\/contraluzcucuta.co\/wp-content\/uploads\/2024\/05\/GOBERNADOR-PUEBLOS-INDIGENAS-5-600x400.jpg 600w, https:\/\/contraluzcucuta.co\/wp-content\/uploads\/2024\/05\/GOBERNADOR-PUEBLOS-INDIGENAS-5-1024x683.jpg 1024w, https:\/\/contraluzcucuta.co\/wp-content\/uploads\/2024\/05\/GOBERNADOR-PUEBLOS-INDIGENAS-5-768x512.jpg 768w, https:\/\/contraluzcucuta.co\/wp-content\/uploads\/2024\/05\/GOBERNADOR-PUEBLOS-INDIGENAS-5-1536x1024.jpg 1536w, https:\/\/contraluzcucuta.co\/wp-content\/uploads\/2024\/05\/GOBERNADOR-PUEBLOS-INDIGENAS-5-2048x1365.jpg 2048w, https:\/\/contraluzcucuta.co\/wp-content\/uploads\/2024\/05\/GOBERNADOR-PUEBLOS-INDIGENAS-5-310x205.jpg 310w\" sizes=\"auto, (max-width: 237px) 100vw, 237px\" \/><\/a><\/p>\n<p>\u201cHemos presentado estas iniciativas y esperamos que se pueda seguir avanzando con los espacios de di\u00e1logo, en los que no s\u00f3lo se coordine, sino que tambi\u00e9n se conozcan los avances de los proyectos que brindar\u00e1n garant\u00edas y beneficios a los pueblos ind\u00edgenas del territorio\u201d, indic\u00f3 el fiscal de Asouwa, Efra\u00edn Meneses.<\/p>\n<p>La Gobernaci\u00f3n busca que los planes, proyectos y programas que ser\u00e1n incluidos en el Plan de Desarrollo 2024 \u2013 2027 sean acertados, seg\u00fan las necesidades priorizadas por cada sector o comunidad. Y garantizar los recursos para las ejecuciones, seg\u00fan las fuentes de inversi\u00f3n.<\/p>\n<p>\u201cTen\u00edamos la preocupaci\u00f3n de no quedar incluidos en el Plan de Desarrollo. Sin embargo, hoy nos queda claro la voluntad pol\u00edtica del Gobernador y su compromiso con nuestras comunidades\u201d, dijo el representante legal del Resguardo Ind\u00edgena Motil\u00f3n Bar\u00ed.<\/p>\n<p><strong>Claudia Lizeth Vesga \u2013 Prensa Gobernaci\u00f3n<\/strong><\/p>\n","protected":false},"excerpt":{"rendered":"<p>C\u00daCUTA.- Autoridades de los pueblos Bari (resguardos Motil\u00f3n Bari y Catalaura), U\u2019wa, Kichwa, Inga, Yukpa y Way\u00fau priorizaron 32 iniciativas para ser estudiadas e incluidas en el Plan de Desarrollo 2024 \u2013 2027. La Secretar\u00eda de Desarrollo Social y la Consejer\u00eda Departamental para las Etnias lideraron la primera sesi\u00f3n de la Mesa de Concertaci\u00f3n, Interlocuci\u00f3n &hellip;<\/p>\n","protected":false},"author":1,"featured_media":41749,"comment_status":"open","ping_status":"open","sticky":false,"template":"","format":"standard","meta":{"footnotes":""},"categories":[4,32],"tags":[2966,379],"class_list":["post-41748","post","type-post","status-publish","format-standard","has-post-thumbnail","hentry","category-barra","category-recorrido-por-la-region","tag-comunidades-indigenas","tag-gobernacion-de-norte-de-santander"],"_links":{"self":[{"href":"https:\/\/contraluzcucuta.co\/index.php?rest_route=\/wp\/v2\/posts\/41748","targetHints":{"allow":["GET"]}}],"collection":[{"href":"https:\/\/contraluzcucuta.co\/index.php?rest_route=\/wp\/v2\/posts"}],"about":[{"href":"https:\/\/contraluzcucuta.co\/index.php?rest_route=\/wp\/v2\/types\/post"}],"author":[{"embeddable":true,"href":"https:\/\/contraluzcucuta.co\/index.php?rest_route=\/wp\/v2\/users\/1"}],"replies":[{"embeddable":true,"href":"https:\/\/contraluzcucuta.co\/index.php?rest_route=%2Fwp%2Fv2%2Fcomments&post=41748"}],"version-history":[{"count":1,"href":"https:\/\/contraluzcucuta.co\/index.php?rest_route=\/wp\/v2\/posts\/41748\/revisions"}],"predecessor-version":[{"id":41752,"href":"https:\/\/contraluzcucuta.co\/index.php?rest_route=\/wp\/v2\/posts\/41748\/revisions\/41752"}],"wp:featuredmedia":[{"embeddable":true,"href":"https:\/\/contraluzcucuta.co\/index.php?rest_route=\/wp\/v2\/media\/41749"}],"wp:attachment":[{"href":"https:\/\/contraluzcucuta.co\/index.php?rest_route=%2Fwp%2Fv2%2Fmedia&parent=41748"}],"wp:term":[{"taxonomy":"category","embeddable":true,"href":"https:\/\/contraluzcucuta.co\/index.php?rest_route=%2Fwp%2Fv2%2Fcategories&post=41748"},{"taxonomy":"post_tag","embeddable":true,"href":"https:\/\/contraluzcucuta.co\/index.php?rest_route=%2Fwp%2Fv2%2Ftags&post=41748"}],"curies":[{"name":"wp","href":"https:\/\/api.w.org\/{rel}","templated":true}]}}