{"id":41740,"date":"2024-05-01T07:36:26","date_gmt":"2024-05-01T12:36:26","guid":{"rendered":"https:\/\/contraluzcucuta.co\/?p=41740"},"modified":"2024-05-01T07:36:26","modified_gmt":"2024-05-01T12:36:26","slug":"emprendekids-cucuta-atrevase-a-ser-un-nino-emprendedor","status":"publish","type":"post","link":"https:\/\/contraluzcucuta.co\/?p=41740","title":{"rendered":"EMPRENDEKIDS C\u00daCUTA. Atr\u00e9vase a ser un ni\u00f1o emprendedor"},"content":{"rendered":"<p style=\"padding-left: 40px; text-align: right;\"><strong><span style=\"color: #ff9900;\">C\u00daCUTA.- La estrategia EmprendeKids tendr\u00e1 como resultado la primera feria de la red de ni\u00f1os emprendedores del municipio. El fin es incentivar en los peque\u00f1os de la ciudad el esp\u00edritu luchador. Para alcanzar este objetivo la gestora social Yirley Vargas se uni\u00f3 al Departamento Administrativo de Bienestar Social y la Secretar\u00eda de Educaci\u00f3n municipal.<\/span><\/strong><\/p>\n<p>Se busca formar en habilidades empresariales y financieras a ni\u00f1os y adolescentes entre 8 y 16 a\u00f1os, interesados en desarrollar emprendimientos propios o ideas de negocio dentro del sistema educativo p\u00fablico del municipio.<\/p>\n<p>El proceso de formaci\u00f3n se desarrollar\u00e1 en 16 sesiones, entre junio y septiembre, delimitadas en 10 horas mensuales. Las actividades comprender\u00e1n pr\u00e1cticas, juegos de roles, proyectos empresariales simulados y recursos dise\u00f1ados para fomentar el esp\u00edritu empresarial, la creatividad, el liderazgo y el conocimiento financiero.<\/p>\n<p>El 10 de mayo, se publicar\u00e1 el listado de los preseleccionados y deber\u00e1n seguir las indicaciones para continuar el proceso de selecci\u00f3n y formaci\u00f3n.<\/p>\n","protected":false},"excerpt":{"rendered":"<p>C\u00daCUTA.- La estrategia EmprendeKids tendr\u00e1 como resultado la primera feria de la red de ni\u00f1os emprendedores del municipio. El fin es incentivar en los peque\u00f1os de la ciudad el esp\u00edritu luchador. Para alcanzar este objetivo la gestora social Yirley Vargas se uni\u00f3 al Departamento Administrativo de Bienestar Social y la Secretar\u00eda de Educaci\u00f3n municipal. Se &hellip;<\/p>\n","protected":false},"author":1,"featured_media":41741,"comment_status":"open","ping_status":"open","sticky":false,"template":"","format":"standard","meta":{"footnotes":""},"categories":[2625,4],"tags":[6277,374,5968],"class_list":["post-41740","post","type-post","status-publish","format-standard","has-post-thumbnail","hentry","category-alcaldia-de-cucuta","category-barra","tag-emprendekids","tag-gestora-social-del-municipio","tag-yirley-vargas"],"_links":{"self":[{"href":"https:\/\/contraluzcucuta.co\/index.php?rest_route=\/wp\/v2\/posts\/41740","targetHints":{"allow":["GET"]}}],"collection":[{"href":"https:\/\/contraluzcucuta.co\/index.php?rest_route=\/wp\/v2\/posts"}],"about":[{"href":"https:\/\/contraluzcucuta.co\/index.php?rest_route=\/wp\/v2\/types\/post"}],"author":[{"embeddable":true,"href":"https:\/\/contraluzcucuta.co\/index.php?rest_route=\/wp\/v2\/users\/1"}],"replies":[{"embeddable":true,"href":"https:\/\/contraluzcucuta.co\/index.php?rest_route=%2Fwp%2Fv2%2Fcomments&post=41740"}],"version-history":[{"count":1,"href":"https:\/\/contraluzcucuta.co\/index.php?rest_route=\/wp\/v2\/posts\/41740\/revisions"}],"predecessor-version":[{"id":41742,"href":"https:\/\/contraluzcucuta.co\/index.php?rest_route=\/wp\/v2\/posts\/41740\/revisions\/41742"}],"wp:featuredmedia":[{"embeddable":true,"href":"https:\/\/contraluzcucuta.co\/index.php?rest_route=\/wp\/v2\/media\/41741"}],"wp:attachment":[{"href":"https:\/\/contraluzcucuta.co\/index.php?rest_route=%2Fwp%2Fv2%2Fmedia&parent=41740"}],"wp:term":[{"taxonomy":"category","embeddable":true,"href":"https:\/\/contraluzcucuta.co\/index.php?rest_route=%2Fwp%2Fv2%2Fcategories&post=41740"},{"taxonomy":"post_tag","embeddable":true,"href":"https:\/\/contraluzcucuta.co\/index.php?rest_route=%2Fwp%2Fv2%2Ftags&post=41740"}],"curies":[{"name":"wp","href":"https:\/\/api.w.org\/{rel}","templated":true}]}}