{"id":41732,"date":"2024-04-30T04:41:07","date_gmt":"2024-04-30T09:41:07","guid":{"rendered":"https:\/\/contraluzcucuta.co\/?p=41732"},"modified":"2024-04-30T04:41:07","modified_gmt":"2024-04-30T09:41:07","slug":"enfoque-etnico-capacitacion-en-formulacion-y-estructuracion-de-proyectos-en-cucuta","status":"publish","type":"post","link":"https:\/\/contraluzcucuta.co\/?p=41732","title":{"rendered":"ENFOQUE \u00c9TNICO. Capacitaci\u00f3n en formulaci\u00f3n y estructuraci\u00f3n de proyectos, en C\u00facuta"},"content":{"rendered":"<p style=\"padding-left: 40px; text-align: right;\"><strong><span style=\"color: #ff9900;\">BOGOT\u00c1.- C\u00facuta es uno de los municipios donde se llevar\u00e1 a cabo el curso Formulaci\u00f3n y estructuraci\u00f3n de proyectos de inversi\u00f3n social con enfoque \u00e9tnico. La capacitaci\u00f3n, organizada por la Universidad Nacional Abierta y a Distancia (UNAD), en alianza con la Vicepresidencia de la Rep\u00fablica, ser\u00e1 gratuito y presencial.<\/span><\/strong><\/p>\n<p><a href=\"https:\/\/contraluzcucuta.co\/wp-content\/uploads\/2024\/04\/AVISO-104.jpg\"><img loading=\"lazy\" decoding=\"async\" class=\"alignnone  wp-image-41734 alignleft\" src=\"https:\/\/contraluzcucuta.co\/wp-content\/uploads\/2024\/04\/AVISO-104-300x109.jpg\" alt=\"\" width=\"248\" height=\"90\" srcset=\"https:\/\/contraluzcucuta.co\/wp-content\/uploads\/2024\/04\/AVISO-104-300x109.jpg 300w, https:\/\/contraluzcucuta.co\/wp-content\/uploads\/2024\/04\/AVISO-104-600x217.jpg 600w, https:\/\/contraluzcucuta.co\/wp-content\/uploads\/2024\/04\/AVISO-104-768x278.jpg 768w, https:\/\/contraluzcucuta.co\/wp-content\/uploads\/2024\/04\/AVISO-104.jpg 900w\" sizes=\"auto, (max-width: 248px) 100vw, 248px\" \/><\/a><\/p>\n<p>En 2024, contin\u00faan los procesos de formaci\u00f3n para promover y adoptar el di\u00e1logo y maneras innovadoras de relacionamiento entre las comunidades diversas. El objetivo es contribuir en la consolidaci\u00f3n de liderazgos transformadores mediante la formaci\u00f3n incluyente.<\/p>\n<p>En octubre de 2023, comenz\u00f3 la estrategia #Educaci\u00f3nConJusticiaSocial, iniciativa de capacitaci\u00f3n gratuita. Convoca a la ciudadan\u00eda a ser parte de los Procesos de formaci\u00f3n para el desarrollo de contenidos en Igualdad, Equidad y no Discriminaci\u00f3n.<\/p>\n<p>En el nuevo curso, Formulaci\u00f3n y estructuraci\u00f3n de proyectos de inversi\u00f3n social con enfoque \u00e9tnico, se espera la participaci\u00f3n de voceros de organizaciones sociales, \u00e9tnicas y grupos poblacionales en situaci\u00f3n de vulnerabilidad.<\/p>\n<p>Adem\u00e1s de C\u00facuta, la capacitaci\u00f3n se efectuar\u00e1 en Valledupar, Itsmina, Leticia, Mit\u00fa, San Andr\u00e9s, Santa Marta, Cali, Popay\u00e1n y Bogot\u00e1.<\/p>\n<p>El curso se llevar\u00e1 a cabo, de manera intensiva, durante cinco s\u00e1bados consecutivos, de 8:00 de la ma\u00f1ana a 5:00 de la tarde.<\/p>\n<p>La fecha de inicio y el lugar de las sesiones est\u00e1n sujetos a confirmaci\u00f3n y se notificar\u00e1 oportunamente a quienes se matriculen.<\/p>\n","protected":false},"excerpt":{"rendered":"<p>BOGOT\u00c1.- C\u00facuta es uno de los municipios donde se llevar\u00e1 a cabo el curso Formulaci\u00f3n y estructuraci\u00f3n de proyectos de inversi\u00f3n social con enfoque \u00e9tnico. La capacitaci\u00f3n, organizada por la Universidad Nacional Abierta y a Distancia (UNAD), en alianza con la Vicepresidencia de la Rep\u00fablica, ser\u00e1 gratuito y presencial. En 2024, contin\u00faan los procesos de &hellip;<\/p>\n","protected":false},"author":1,"featured_media":41733,"comment_status":"open","ping_status":"open","sticky":false,"template":"","format":"standard","meta":{"footnotes":""},"categories":[4,36],"tags":[6275,6274,6085,4663],"class_list":["post-41732","post","type-post","status-publish","format-standard","has-post-thumbnail","hentry","category-barra","category-la-voz-del-pueblo","tag-educacionconjusticiasocial","tag-enfoque-etnico","tag-unad-cucuta","tag-vicepresidencia-de-la-republica"],"_links":{"self":[{"href":"https:\/\/contraluzcucuta.co\/index.php?rest_route=\/wp\/v2\/posts\/41732","targetHints":{"allow":["GET"]}}],"collection":[{"href":"https:\/\/contraluzcucuta.co\/index.php?rest_route=\/wp\/v2\/posts"}],"about":[{"href":"https:\/\/contraluzcucuta.co\/index.php?rest_route=\/wp\/v2\/types\/post"}],"author":[{"embeddable":true,"href":"https:\/\/contraluzcucuta.co\/index.php?rest_route=\/wp\/v2\/users\/1"}],"replies":[{"embeddable":true,"href":"https:\/\/contraluzcucuta.co\/index.php?rest_route=%2Fwp%2Fv2%2Fcomments&post=41732"}],"version-history":[{"count":1,"href":"https:\/\/contraluzcucuta.co\/index.php?rest_route=\/wp\/v2\/posts\/41732\/revisions"}],"predecessor-version":[{"id":41735,"href":"https:\/\/contraluzcucuta.co\/index.php?rest_route=\/wp\/v2\/posts\/41732\/revisions\/41735"}],"wp:featuredmedia":[{"embeddable":true,"href":"https:\/\/contraluzcucuta.co\/index.php?rest_route=\/wp\/v2\/media\/41733"}],"wp:attachment":[{"href":"https:\/\/contraluzcucuta.co\/index.php?rest_route=%2Fwp%2Fv2%2Fmedia&parent=41732"}],"wp:term":[{"taxonomy":"category","embeddable":true,"href":"https:\/\/contraluzcucuta.co\/index.php?rest_route=%2Fwp%2Fv2%2Fcategories&post=41732"},{"taxonomy":"post_tag","embeddable":true,"href":"https:\/\/contraluzcucuta.co\/index.php?rest_route=%2Fwp%2Fv2%2Ftags&post=41732"}],"curies":[{"name":"wp","href":"https:\/\/api.w.org\/{rel}","templated":true}]}}