{"id":41727,"date":"2024-04-30T04:26:18","date_gmt":"2024-04-30T09:26:18","guid":{"rendered":"https:\/\/contraluzcucuta.co\/?p=41727"},"modified":"2024-04-30T04:26:18","modified_gmt":"2024-04-30T09:26:18","slug":"balance-100-dias-de-gestion-del-alcalde-de-cucuta","status":"publish","type":"post","link":"https:\/\/contraluzcucuta.co\/?p=41727","title":{"rendered":"BALANCE. 100 d\u00edas de gesti\u00f3n del Alcalde de C\u00facuta"},"content":{"rendered":"<p style=\"padding-left: 40px; text-align: right;\"><strong><span style=\"color: #ff9900;\">C\u00daCUTA.- La Alcald\u00eda de C\u00facuta dio a conocer a los cucute\u00f1os los resultados de los primeros 100 d\u00edas de gesti\u00f3n de Jorge Acevedo. Entre los puntos destacados est\u00e1n:<\/span><\/strong><\/p>\n<p><a href=\"https:\/\/contraluzcucuta.co\/wp-content\/uploads\/2024\/04\/ALCALDE-100-DIAS-1.jpg\"><img loading=\"lazy\" decoding=\"async\" class=\"alignnone  wp-image-41729 alignleft\" src=\"https:\/\/contraluzcucuta.co\/wp-content\/uploads\/2024\/04\/ALCALDE-100-DIAS-1-300x174.jpg\" alt=\"\" width=\"247\" height=\"143\" srcset=\"https:\/\/contraluzcucuta.co\/wp-content\/uploads\/2024\/04\/ALCALDE-100-DIAS-1-300x174.jpg 300w, https:\/\/contraluzcucuta.co\/wp-content\/uploads\/2024\/04\/ALCALDE-100-DIAS-1-600x348.jpg 600w, https:\/\/contraluzcucuta.co\/wp-content\/uploads\/2024\/04\/ALCALDE-100-DIAS-1-1024x594.jpg 1024w, https:\/\/contraluzcucuta.co\/wp-content\/uploads\/2024\/04\/ALCALDE-100-DIAS-1-768x445.jpg 768w, https:\/\/contraluzcucuta.co\/wp-content\/uploads\/2024\/04\/ALCALDE-100-DIAS-1-1536x891.jpg 1536w, https:\/\/contraluzcucuta.co\/wp-content\/uploads\/2024\/04\/ALCALDE-100-DIAS-1.jpg 1600w\" sizes=\"auto, (max-width: 247px) 100vw, 247px\" \/><\/a><\/p>\n<p><strong>Plan de Desarrollo.<\/strong> Con la contribuci\u00f3n de las 10 comunas urbanas, corregimientos y veredas, y 26 sectores influyentes. Este proceso refleja el compromiso de la administraci\u00f3n municipal con la inclusi\u00f3n y la construcci\u00f3n colectiva de una visi\u00f3n compartida para la ciudad.<\/p>\n<p><strong>Seguridad.<\/strong> Clave desde el inicio de la administraci\u00f3n. Implementaci\u00f3n de estrategias decisivas, intervenci\u00f3n en \u00e1reas cr\u00edticas y colaboraci\u00f3n con el Ej\u00e9rcito, la Fiscal\u00eda y la Polic\u00eda.<\/p>\n<p><strong>Plan Libertad y Orden.<\/strong> Desarrollado por la Secretar\u00eda de Seguridad, redujo el hurto a residencias en 39 %, a comercios en 72 % y de motocicletas en 16 %, y la extorsi\u00f3n en 29 %. Se lograron m\u00e1s de 1500 capturas.<\/p>\n<p><a href=\"https:\/\/contraluzcucuta.co\/wp-content\/uploads\/2024\/04\/ALCALDE-100-DIAS-3.jpg\"><img loading=\"lazy\" decoding=\"async\" class=\"alignnone  wp-image-41730 alignleft\" src=\"https:\/\/contraluzcucuta.co\/wp-content\/uploads\/2024\/04\/ALCALDE-100-DIAS-3-300x190.jpg\" alt=\"\" width=\"253\" height=\"160\" srcset=\"https:\/\/contraluzcucuta.co\/wp-content\/uploads\/2024\/04\/ALCALDE-100-DIAS-3-300x190.jpg 300w, https:\/\/contraluzcucuta.co\/wp-content\/uploads\/2024\/04\/ALCALDE-100-DIAS-3-600x380.jpg 600w, https:\/\/contraluzcucuta.co\/wp-content\/uploads\/2024\/04\/ALCALDE-100-DIAS-3-1024x649.jpg 1024w, https:\/\/contraluzcucuta.co\/wp-content\/uploads\/2024\/04\/ALCALDE-100-DIAS-3-768x487.jpg 768w, https:\/\/contraluzcucuta.co\/wp-content\/uploads\/2024\/04\/ALCALDE-100-DIAS-3-1536x973.jpg 1536w, https:\/\/contraluzcucuta.co\/wp-content\/uploads\/2024\/04\/ALCALDE-100-DIAS-3.jpg 1600w\" sizes=\"auto, (max-width: 253px) 100vw, 253px\" \/><\/a><\/p>\n<p><strong>Operativos antidrogas.<\/strong> La Secretar\u00eda de Seguridad Ciudadana, la Polic\u00eda de Infancia y Adolescencia, el Instituto Colombiano de Bienestar Familiar y la Unidad de Carabineros emprendieron acciones para cortar el corredor del microtr\u00e1fico en instituciones educativas.<\/p>\n<p><strong>Movilidad.<\/strong> Reducci\u00f3n del 31,5 % en siniestros viales, durante el primer trimestre. Respuesta \u00e1gil y eficiente a m\u00e1s de 3600 solicitudes ciudadanas por parte de la Secretar\u00eda de Tr\u00e1nsito.<\/p>\n<p><strong>\u00c1mbito econ\u00f3mico.<\/strong> Impulso al proyecto del Gasoducto de Conexi\u00f3n de C\u00facuta al Sistema Nacional de Transporte de Gas Natural y fortalecimiento del Centro Tecnol\u00f3gico de C\u00facuta.<\/p>\n<p><strong>Atenci\u00f3n a poblaci\u00f3n vulnerable.<\/strong> Incluida la comunidad migrante venezolana e impulso a la titulaci\u00f3n gratuita de predios fiscales.<\/p>\n<p><strong>Salud y educaci\u00f3n.<\/strong> El municipio ha comprometido $ 330.376 millones, de los cuales $ 237.568 millones invertidos en estos sectores, lo que equivale al 72 % del total de gastos de inversi\u00f3n.<\/p>\n<p><strong>SANDRA FORERO<\/strong><\/p>\n","protected":false},"excerpt":{"rendered":"<p>C\u00daCUTA.- La Alcald\u00eda de C\u00facuta dio a conocer a los cucute\u00f1os los resultados de los primeros 100 d\u00edas de gesti\u00f3n de Jorge Acevedo. Entre los puntos destacados est\u00e1n: Plan de Desarrollo. Con la contribuci\u00f3n de las 10 comunas urbanas, corregimientos y veredas, y 26 sectores influyentes. Este proceso refleja el compromiso de la administraci\u00f3n municipal &hellip;<\/p>\n","protected":false},"author":1,"featured_media":41728,"comment_status":"open","ping_status":"open","sticky":false,"template":"","format":"standard","meta":{"footnotes":""},"categories":[2625,4],"tags":[310,5950,226],"class_list":["post-41727","post","type-post","status-publish","format-standard","has-post-thumbnail","hentry","category-alcaldia-de-cucuta","category-barra","tag-100-dias-de-gobierno","tag-alcalde-jorge-acevedo","tag-alcaldia-de-cucuta"],"_links":{"self":[{"href":"https:\/\/contraluzcucuta.co\/index.php?rest_route=\/wp\/v2\/posts\/41727","targetHints":{"allow":["GET"]}}],"collection":[{"href":"https:\/\/contraluzcucuta.co\/index.php?rest_route=\/wp\/v2\/posts"}],"about":[{"href":"https:\/\/contraluzcucuta.co\/index.php?rest_route=\/wp\/v2\/types\/post"}],"author":[{"embeddable":true,"href":"https:\/\/contraluzcucuta.co\/index.php?rest_route=\/wp\/v2\/users\/1"}],"replies":[{"embeddable":true,"href":"https:\/\/contraluzcucuta.co\/index.php?rest_route=%2Fwp%2Fv2%2Fcomments&post=41727"}],"version-history":[{"count":1,"href":"https:\/\/contraluzcucuta.co\/index.php?rest_route=\/wp\/v2\/posts\/41727\/revisions"}],"predecessor-version":[{"id":41731,"href":"https:\/\/contraluzcucuta.co\/index.php?rest_route=\/wp\/v2\/posts\/41727\/revisions\/41731"}],"wp:featuredmedia":[{"embeddable":true,"href":"https:\/\/contraluzcucuta.co\/index.php?rest_route=\/wp\/v2\/media\/41728"}],"wp:attachment":[{"href":"https:\/\/contraluzcucuta.co\/index.php?rest_route=%2Fwp%2Fv2%2Fmedia&parent=41727"}],"wp:term":[{"taxonomy":"category","embeddable":true,"href":"https:\/\/contraluzcucuta.co\/index.php?rest_route=%2Fwp%2Fv2%2Fcategories&post=41727"},{"taxonomy":"post_tag","embeddable":true,"href":"https:\/\/contraluzcucuta.co\/index.php?rest_route=%2Fwp%2Fv2%2Ftags&post=41727"}],"curies":[{"name":"wp","href":"https:\/\/api.w.org\/{rel}","templated":true}]}}