{"id":41718,"date":"2024-04-29T20:39:34","date_gmt":"2024-04-30T01:39:34","guid":{"rendered":"https:\/\/contraluzcucuta.co\/?p=41718"},"modified":"2024-04-29T20:39:34","modified_gmt":"2024-04-30T01:39:34","slug":"conversaciones-de-entre-casa-la-vida-es-imaginacion-campo-elias-manosalva","status":"publish","type":"post","link":"https:\/\/contraluzcucuta.co\/?p=41718","title":{"rendered":"CONVERSACIONES DE ENTRE CASA. La vida es imaginaci\u00f3n, Campo El\u00edas Manosalva"},"content":{"rendered":"<p style=\"padding-left: 40px; text-align: right;\"><strong><span style=\"color: #ff9900;\">C\u00daCUTA.- Han pasado varias d\u00e9cadas desde cuando Campo El\u00edas Manosalva decidi\u00f3 que se quedar\u00eda para vivir en C\u00facuta, lejos de la Barranquilla natal. Aqu\u00ed, encontr\u00f3 a la mujer que quiso hasta cuando se acab\u00f3 el amor. Tambi\u00e9n, hall\u00f3 el espacio que necesitaba para poner a volar ideas y pensamientos transformados en im\u00e1genes. Adem\u00e1s, descubri\u00f3 que el arte es una manera filos\u00f3fica de vivir y ser feliz.<\/span><\/strong><\/p>\n<p><a href=\"https:\/\/contraluzcucuta.co\/wp-content\/uploads\/2024\/04\/CAMPO-ELIAS-MALPICA-7.jpeg\"><img loading=\"lazy\" decoding=\"async\" class=\"alignnone  wp-image-41720 alignleft\" src=\"https:\/\/contraluzcucuta.co\/wp-content\/uploads\/2024\/04\/CAMPO-ELIAS-MALPICA-7-300x225.jpeg\" alt=\"\" width=\"247\" height=\"185\" srcset=\"https:\/\/contraluzcucuta.co\/wp-content\/uploads\/2024\/04\/CAMPO-ELIAS-MALPICA-7-300x225.jpeg 300w, https:\/\/contraluzcucuta.co\/wp-content\/uploads\/2024\/04\/CAMPO-ELIAS-MALPICA-7-600x450.jpeg 600w, https:\/\/contraluzcucuta.co\/wp-content\/uploads\/2024\/04\/CAMPO-ELIAS-MALPICA-7-1024x768.jpeg 1024w, https:\/\/contraluzcucuta.co\/wp-content\/uploads\/2024\/04\/CAMPO-ELIAS-MALPICA-7-768x576.jpeg 768w, https:\/\/contraluzcucuta.co\/wp-content\/uploads\/2024\/04\/CAMPO-ELIAS-MALPICA-7-1536x1152.jpeg 1536w, https:\/\/contraluzcucuta.co\/wp-content\/uploads\/2024\/04\/CAMPO-ELIAS-MALPICA-7.jpeg 1600w\" sizes=\"auto, (max-width: 247px) 100vw, 247px\" \/><\/a><\/p>\n<p>El espacio en el que trabaja es el garaje de una casa normal de estrato cuatro, acondicionado para instalar dos mesas, varios caballetes y algunas sillas. Los cuadros pegados a las paredes muestran el trabajo de horas de inspiraci\u00f3n y aguardan por el conocedor de arte que lo compre y se lo lleve. El precio no importa casi, con lo que gana en conjunto le alcanza para vivir solo, sin compa\u00f1\u00eda.<\/p>\n<p>Campo El\u00edas no habla casi, porque siempre est\u00e1 sonriente. Cuenta la vida, da lecciones de filosof\u00eda, se mete con la Biblia, describe los trabajos, menciona a los alumnos, defiende el valor de la mujer, se\u00f1ala el cuadro que gan\u00f3 un concurso y no recibi\u00f3 el premio, muestra im\u00e1genes concebidas en honor a su maestro y recuerda el paso por la Escuela de Bellas Artes. Todo lo hace sin dejar de re\u00edr.<\/p>\n<p><strong>\u00bfPor qu\u00e9 artista?<\/strong><\/p>\n<ul>\n<li><em>Bueno, eso nace con uno. Desde peque\u00f1o estoy en estas andanzas. En la escuela y el colegio participaba en concursos.<\/em><\/li>\n<\/ul>\n<p><a href=\"https:\/\/contraluzcucuta.co\/wp-content\/uploads\/2024\/04\/CAMPO-ELIAS-MALPICA-3.jpeg\"><img loading=\"lazy\" decoding=\"async\" class=\"alignnone  wp-image-41721 alignleft\" src=\"https:\/\/contraluzcucuta.co\/wp-content\/uploads\/2024\/04\/CAMPO-ELIAS-MALPICA-3-300x225.jpeg\" alt=\"\" width=\"245\" height=\"184\" srcset=\"https:\/\/contraluzcucuta.co\/wp-content\/uploads\/2024\/04\/CAMPO-ELIAS-MALPICA-3-300x225.jpeg 300w, https:\/\/contraluzcucuta.co\/wp-content\/uploads\/2024\/04\/CAMPO-ELIAS-MALPICA-3-600x450.jpeg 600w, https:\/\/contraluzcucuta.co\/wp-content\/uploads\/2024\/04\/CAMPO-ELIAS-MALPICA-3-1024x768.jpeg 1024w, https:\/\/contraluzcucuta.co\/wp-content\/uploads\/2024\/04\/CAMPO-ELIAS-MALPICA-3-768x576.jpeg 768w, https:\/\/contraluzcucuta.co\/wp-content\/uploads\/2024\/04\/CAMPO-ELIAS-MALPICA-3-1536x1152.jpeg 1536w, https:\/\/contraluzcucuta.co\/wp-content\/uploads\/2024\/04\/CAMPO-ELIAS-MALPICA-3.jpeg 1600w\" sizes=\"auto, (max-width: 245px) 100vw, 245px\" \/><\/a><\/p>\n<p>Para orgullo, recuerda que fue uno de los primeros alumnos de la Escuela de Bellas Artes de Chin\u00e1cota, con el maestro Pinillos. Ah\u00ed, en el municipio nortesantandereano, termin\u00f3 el bachillerato. Tambi\u00e9n hace escultura.<\/p>\n<p><strong><span style=\"color: #ff0000;\">Primera lecci\u00f3n: La pintura es una manera de comunicarse con el mundo.<\/span><\/strong><\/p>\n<p>Al repasar la galer\u00eda en este taller se nota que Manosalva, as\u00ed firma los cuadros, trata con igual conocimiento paisajes, rostros, figuras humanas y abstractas, ciudades, situaciones sociales y acuarelas. Aunque la preferencia est\u00e1 marcada por el \u00f3leo. La t\u00e9cnica ideal es el espatulado. Le encanta porque es una expresi\u00f3n ligera y voluntaria.<\/p>\n<p><strong><span style=\"color: #ff0000;\">Segunda lecci\u00f3n. La vida es imaginaci\u00f3n.<\/span><\/strong><\/p>\n<p>La explicaci\u00f3n es sencilla, todo est\u00e1 hecho, el hombre solo lo transforma. Es visualizar y transformar. En eso consta el arte.<\/p>\n<p><a href=\"https:\/\/contraluzcucuta.co\/wp-content\/uploads\/2024\/04\/CAMPO-ELIAS-MALPICA-17.jpeg\"><img loading=\"lazy\" decoding=\"async\" class=\"alignnone  wp-image-41722 alignleft\" src=\"https:\/\/contraluzcucuta.co\/wp-content\/uploads\/2024\/04\/CAMPO-ELIAS-MALPICA-17-300x225.jpeg\" alt=\"\" width=\"248\" height=\"186\" srcset=\"https:\/\/contraluzcucuta.co\/wp-content\/uploads\/2024\/04\/CAMPO-ELIAS-MALPICA-17-300x225.jpeg 300w, https:\/\/contraluzcucuta.co\/wp-content\/uploads\/2024\/04\/CAMPO-ELIAS-MALPICA-17-600x450.jpeg 600w, https:\/\/contraluzcucuta.co\/wp-content\/uploads\/2024\/04\/CAMPO-ELIAS-MALPICA-17-1024x768.jpeg 1024w, https:\/\/contraluzcucuta.co\/wp-content\/uploads\/2024\/04\/CAMPO-ELIAS-MALPICA-17-768x576.jpeg 768w, https:\/\/contraluzcucuta.co\/wp-content\/uploads\/2024\/04\/CAMPO-ELIAS-MALPICA-17-1536x1152.jpeg 1536w, https:\/\/contraluzcucuta.co\/wp-content\/uploads\/2024\/04\/CAMPO-ELIAS-MALPICA-17.jpeg 1600w\" sizes=\"auto, (max-width: 248px) 100vw, 248px\" \/><\/a><\/p>\n<p><strong>\u00bfC\u00f3mo trabaja los colores?<\/strong><\/p>\n<ul>\n<li><em>Por la Costa, donde nac\u00ed, manejo los colores c\u00e1lidos, que llamen la atenci\u00f3n. <\/em><\/li>\n<\/ul>\n<p>Los trabajos los desarrolla por pasi\u00f3n, cuando llega la inspiraci\u00f3n. Imagina una situaci\u00f3n y la plasma en el \u00f3leo. Una mujer triste y otra bajo la lluvia reflejan esos momentos de aliento, de concentraci\u00f3n y de disciplina. Los rasgos concebidos est\u00e1n ah\u00ed, perceptibles y f\u00e1ciles de detectar.<\/p>\n<p>Tambi\u00e9n hace cuadros por encargo, porque tiene que vivir y de esa manera complace al pueblo. A pesar de que el cucute\u00f1o es flojo para comprar arte y todo le parece caro. El que sabe mir\u00f3 y si le gust\u00f3 se lo llev\u00f3. Lo m\u00e1ximo que ha recibido por un cuadro han sido dos millones de pesos. Lo menos, $ 500.000.<\/p>\n<p>Han transcurrido cinco a\u00f1os desde cuando tom\u00f3 ese local en arriendo y donde atiende a los alumnos para dejar el legado de su conocimiento. Lo hace a manera de agradecimiento a Dios por los dones otorgado. Van a aprender ni\u00f1os, j\u00f3venes y adultos. Los muchachos muestran inter\u00e9s y siguen la carrera.<\/p>\n<p><strong><span style=\"color: #ff0000;\">Tercera lecci\u00f3n. Esto tiene que nacerle a uno. Esto no es obligado.<\/span><\/strong><\/p>\n<p><a href=\"https:\/\/contraluzcucuta.co\/wp-content\/uploads\/2024\/04\/CAMPO-ELIAS-MALPICA-25.jpeg\"><img loading=\"lazy\" decoding=\"async\" class=\"alignnone  wp-image-41723 alignleft\" src=\"https:\/\/contraluzcucuta.co\/wp-content\/uploads\/2024\/04\/CAMPO-ELIAS-MALPICA-25-225x300.jpeg\" alt=\"\" width=\"207\" height=\"276\" srcset=\"https:\/\/contraluzcucuta.co\/wp-content\/uploads\/2024\/04\/CAMPO-ELIAS-MALPICA-25-225x300.jpeg 225w, https:\/\/contraluzcucuta.co\/wp-content\/uploads\/2024\/04\/CAMPO-ELIAS-MALPICA-25-600x800.jpeg 600w, https:\/\/contraluzcucuta.co\/wp-content\/uploads\/2024\/04\/CAMPO-ELIAS-MALPICA-25-768x1024.jpeg 768w, https:\/\/contraluzcucuta.co\/wp-content\/uploads\/2024\/04\/CAMPO-ELIAS-MALPICA-25-1152x1536.jpeg 1152w, https:\/\/contraluzcucuta.co\/wp-content\/uploads\/2024\/04\/CAMPO-ELIAS-MALPICA-25.jpeg 1200w\" sizes=\"auto, (max-width: 207px) 100vw, 207px\" \/><\/a><\/p>\n<p><strong>\u00bfQu\u00e9 tan paciente es usted?<\/strong><\/p>\n<ul>\n<li><em>En un tiempo pens\u00e9 que no lo era. Cuando joven tuve la oportunidad de ser profesor de escuela. Ensay\u00e9 dos meses y dije no, esto no es lo m\u00edo.<\/em><\/li>\n<\/ul>\n<p>Para ser artista pl\u00e1stico y alcanzar niveles altos se debe ser disciplinado. Al artista, en muchas ocasiones, lo equiparan con la bohemia. Campo El\u00edas ha encontrado esa disciplina en el ciclismo, deporte que lo ha ayudado a concentrarse en el trabajo y a tener paciencia.<\/p>\n<p><strong><span style=\"color: #ff0000;\">Cuarta lecci\u00f3n. No hay que borrar tanto, sino mejorar sobre lo que est\u00e1 hecho.<\/span><\/strong><\/p>\n<p>Manosalva vive una cotidianidad similar a la del resto de mortales. Luego de levantarse prepara el caf\u00e9 de la ma\u00f1ana, pasa al desayuno, llega en bicicleta al taller (8:30 de la ma\u00f1ana) y tres horas despu\u00e9s cierra para ir a prepararse el almuerzo. Descansa y regresa para impartir clases y terminar los trabajos incompletos de la jornada matutina.<\/p>\n<p>Se pone frente al caballete y piensa que eso que est\u00e1 en blanco debe transformarse. Deja salir las ideas para dar las pinceladas necesarias en procura de la obra. Al final, puede estar de acuerdo o no con el trabajo.<\/p>\n<p><a href=\"https:\/\/contraluzcucuta.co\/wp-content\/uploads\/2024\/04\/CAMPO-ELIAS-MALPICA-19A.jpg\"><img loading=\"lazy\" decoding=\"async\" class=\"alignnone  wp-image-41724 alignleft\" src=\"https:\/\/contraluzcucuta.co\/wp-content\/uploads\/2024\/04\/CAMPO-ELIAS-MALPICA-19A-300x283.jpg\" alt=\"\" width=\"250\" height=\"236\" srcset=\"https:\/\/contraluzcucuta.co\/wp-content\/uploads\/2024\/04\/CAMPO-ELIAS-MALPICA-19A-300x283.jpg 300w, https:\/\/contraluzcucuta.co\/wp-content\/uploads\/2024\/04\/CAMPO-ELIAS-MALPICA-19A-600x566.jpg 600w, https:\/\/contraluzcucuta.co\/wp-content\/uploads\/2024\/04\/CAMPO-ELIAS-MALPICA-19A-768x724.jpg 768w, https:\/\/contraluzcucuta.co\/wp-content\/uploads\/2024\/04\/CAMPO-ELIAS-MALPICA-19A.jpg 879w\" sizes=\"auto, (max-width: 250px) 100vw, 250px\" \/><\/a><\/p>\n<p><strong>\u00bfLa inspiraci\u00f3n llega o se busca?<\/strong><\/p>\n<ul>\n<li><em>Llega, porque hay momentos en los que uno se bloquea y no tiene nada. De repente llega.<\/em><\/li>\n<\/ul>\n<p><strong><span style=\"color: #ff0000;\">Quinta lecci\u00f3n. Tanto a la filosof\u00eda como a la Biblia hay que tenerles cuidado.<\/span><\/strong><\/p>\n<p>El mejor trabajo que ha elaborado es de formato peque\u00f1o y lo vendi\u00f3. Piensa y lo califica como \u201cla maravilla\u201d. El tema es la ciudad y el espatulado asemeja la pobreza que se vive en la periferia. El que termin\u00f3 y no le gust\u00f3 lo mantiene \u201cpor ah\u00ed enrollado\u201d. Hablaba sobre hechiceros.<\/p>\n<p><strong><span style=\"color: #ff0000;\">Sexta lecci\u00f3n. La fama del artista viene despu\u00e9s de que se pone la vestidura negra.<\/span><\/strong><\/p>\n<p>La bicicleta est\u00e1 en el patio del taller. El recorrido para ir a casa es corto y demorar\u00e1 pocos minutos. Es medio d\u00eda, momento de cerrar.<\/p>\n<ul>\n<li><em>Me gusta vivir libre. Sin tener compromisos con ninguno. Para vivir hay que poner ganas y actitud, eso es todo. Vivir bien es ser feliz.<\/em><\/li>\n<\/ul>\n<p><strong>RAFAEL ANTONIO PAB\u00d3N<\/strong><\/p>\n<p><strong><a href=\"mailto:rafaelpabon58@hotmail.com\">rafaelpabon58@hotmail.com<\/a><\/strong><\/p>\n","protected":false},"excerpt":{"rendered":"<p>C\u00daCUTA.- Han pasado varias d\u00e9cadas desde cuando Campo El\u00edas Manosalva decidi\u00f3 que se quedar\u00eda para vivir en C\u00facuta, lejos de la Barranquilla natal. Aqu\u00ed, encontr\u00f3 a la mujer que quiso hasta cuando se acab\u00f3 el amor. Tambi\u00e9n, hall\u00f3 el espacio que necesitaba para poner a volar ideas y pensamientos transformados en im\u00e1genes. Adem\u00e1s, descubri\u00f3 que &hellip;<\/p>\n","protected":false},"author":1,"featured_media":41719,"comment_status":"open","ping_status":"open","sticky":false,"template":"","format":"standard","meta":{"footnotes":""},"categories":[5970,45,4],"tags":[427,6273,5935],"class_list":["post-41718","post","type-post","status-publish","format-standard","has-post-thumbnail","hentry","category-conversaciones-de-entre-casa","category-destacado","category-barra","tag-artistas-cucutenos","tag-campo-elias-manosalva","tag-conversaciones-de-entre-casa"],"_links":{"self":[{"href":"https:\/\/contraluzcucuta.co\/index.php?rest_route=\/wp\/v2\/posts\/41718","targetHints":{"allow":["GET"]}}],"collection":[{"href":"https:\/\/contraluzcucuta.co\/index.php?rest_route=\/wp\/v2\/posts"}],"about":[{"href":"https:\/\/contraluzcucuta.co\/index.php?rest_route=\/wp\/v2\/types\/post"}],"author":[{"embeddable":true,"href":"https:\/\/contraluzcucuta.co\/index.php?rest_route=\/wp\/v2\/users\/1"}],"replies":[{"embeddable":true,"href":"https:\/\/contraluzcucuta.co\/index.php?rest_route=%2Fwp%2Fv2%2Fcomments&post=41718"}],"version-history":[{"count":1,"href":"https:\/\/contraluzcucuta.co\/index.php?rest_route=\/wp\/v2\/posts\/41718\/revisions"}],"predecessor-version":[{"id":41725,"href":"https:\/\/contraluzcucuta.co\/index.php?rest_route=\/wp\/v2\/posts\/41718\/revisions\/41725"}],"wp:featuredmedia":[{"embeddable":true,"href":"https:\/\/contraluzcucuta.co\/index.php?rest_route=\/wp\/v2\/media\/41719"}],"wp:attachment":[{"href":"https:\/\/contraluzcucuta.co\/index.php?rest_route=%2Fwp%2Fv2%2Fmedia&parent=41718"}],"wp:term":[{"taxonomy":"category","embeddable":true,"href":"https:\/\/contraluzcucuta.co\/index.php?rest_route=%2Fwp%2Fv2%2Fcategories&post=41718"},{"taxonomy":"post_tag","embeddable":true,"href":"https:\/\/contraluzcucuta.co\/index.php?rest_route=%2Fwp%2Fv2%2Ftags&post=41718"}],"curies":[{"name":"wp","href":"https:\/\/api.w.org\/{rel}","templated":true}]}}