{"id":41710,"date":"2024-04-29T04:08:13","date_gmt":"2024-04-29T09:08:13","guid":{"rendered":"https:\/\/contraluzcucuta.co\/?p=41710"},"modified":"2024-04-29T04:08:13","modified_gmt":"2024-04-29T09:08:13","slug":"experiencia-visita-a-la-casa-de-nona-pepa","status":"publish","type":"post","link":"https:\/\/contraluzcucuta.co\/?p=41710","title":{"rendered":"EXPERIENCIA. Visita a la casa de Nona Pepa"},"content":{"rendered":"<p style=\"padding-left: 40px; text-align: right;\"><strong><span style=\"color: #ff9900;\">C\u00daCUTA.- Periodistas de C\u00facuta visitaron, en d\u00edas pasados, la planta de producci\u00f3n de Nona Pepa y conocieron la infraestructura y los procesos de fabricaci\u00f3n y de inocuidad en el desarrollo de los productos que salen al mercado.<\/span><\/strong><\/p>\n<p>Despu\u00e9s del recorrido, compartieron con directivos de la empresa, recibieron reconocimientos y degustaron el sabor de Nona Pepa, atendidos por el chef Jefferson de Los Montes.<\/p>\n<p>Conocieron en primicia El Complejo Deportivo, en el que se prestar\u00e1 el servicio de alquiler de canchas, donde trabajar\u00e1 la escuela de f\u00fatbol y servir\u00e1 de sede para eventos patrocinados por la marca.<\/p>\n","protected":false},"excerpt":{"rendered":"<p>C\u00daCUTA.- Periodistas de C\u00facuta visitaron, en d\u00edas pasados, la planta de producci\u00f3n de Nona Pepa y conocieron la infraestructura y los procesos de fabricaci\u00f3n y de inocuidad en el desarrollo de los productos que salen al mercado. Despu\u00e9s del recorrido, compartieron con directivos de la empresa, recibieron reconocimientos y degustaron el sabor de Nona Pepa, &hellip;<\/p>\n","protected":false},"author":1,"featured_media":41711,"comment_status":"open","ping_status":"open","sticky":false,"template":"","format":"standard","meta":{"footnotes":""},"categories":[4,36],"tags":[6254,6251,1885],"class_list":["post-41710","post","type-post","status-publish","format-standard","has-post-thumbnail","hentry","category-barra","category-la-voz-del-pueblo","tag-grupo-yerman","tag-nona-pepa","tag-periodistas-cucutenos"],"_links":{"self":[{"href":"https:\/\/contraluzcucuta.co\/index.php?rest_route=\/wp\/v2\/posts\/41710","targetHints":{"allow":["GET"]}}],"collection":[{"href":"https:\/\/contraluzcucuta.co\/index.php?rest_route=\/wp\/v2\/posts"}],"about":[{"href":"https:\/\/contraluzcucuta.co\/index.php?rest_route=\/wp\/v2\/types\/post"}],"author":[{"embeddable":true,"href":"https:\/\/contraluzcucuta.co\/index.php?rest_route=\/wp\/v2\/users\/1"}],"replies":[{"embeddable":true,"href":"https:\/\/contraluzcucuta.co\/index.php?rest_route=%2Fwp%2Fv2%2Fcomments&post=41710"}],"version-history":[{"count":1,"href":"https:\/\/contraluzcucuta.co\/index.php?rest_route=\/wp\/v2\/posts\/41710\/revisions"}],"predecessor-version":[{"id":41712,"href":"https:\/\/contraluzcucuta.co\/index.php?rest_route=\/wp\/v2\/posts\/41710\/revisions\/41712"}],"wp:featuredmedia":[{"embeddable":true,"href":"https:\/\/contraluzcucuta.co\/index.php?rest_route=\/wp\/v2\/media\/41711"}],"wp:attachment":[{"href":"https:\/\/contraluzcucuta.co\/index.php?rest_route=%2Fwp%2Fv2%2Fmedia&parent=41710"}],"wp:term":[{"taxonomy":"category","embeddable":true,"href":"https:\/\/contraluzcucuta.co\/index.php?rest_route=%2Fwp%2Fv2%2Fcategories&post=41710"},{"taxonomy":"post_tag","embeddable":true,"href":"https:\/\/contraluzcucuta.co\/index.php?rest_route=%2Fwp%2Fv2%2Ftags&post=41710"}],"curies":[{"name":"wp","href":"https:\/\/api.w.org\/{rel}","templated":true}]}}