{"id":41707,"date":"2024-04-29T03:56:36","date_gmt":"2024-04-29T08:56:36","guid":{"rendered":"https:\/\/contraluzcucuta.co\/?p=41707"},"modified":"2024-04-29T03:56:36","modified_gmt":"2024-04-29T08:56:36","slug":"analisis-sobre-cucuta-problema-principal-falta-de-identidad-y-sentido-de-pertenencia","status":"publish","type":"post","link":"https:\/\/contraluzcucuta.co\/?p=41707","title":{"rendered":"AN\u00c1LISIS SOBRE C\u00daCUTA. Problema principal: falta de identidad y sentido de pertenencia"},"content":{"rendered":"<p style=\"padding-left: 40px; text-align: right;\"><strong><span style=\"color: #ff9900;\">C\u00daCUTA.- Participantes en el reciente Diplomado de la Cucutaneidad, organizado por la Fundaci\u00f3n El Cinco a las Cinco, contin\u00faan el trabajo de pensar en la ciudad, analizar los problemas que la acosan y buscarles las soluciones. El trabajo, dirigido por Patrocinio Ararat, se lleva a cabo los s\u00e1bados en la Biblioteca P\u00fablica.<\/span><\/strong><\/p>\n<p>\u201cMediante la aplicaci\u00f3n de la metodolog\u00eda de marco l\u00f3gico se adelant\u00f3 el an\u00e1lisis, tendiente a buscar las causas y los efectos que determinen o vayan o en correlaci\u00f3n con unas fases que estar\u00edan ajustadas a las \u00e1reas tem\u00e1ticas que se van a trabajar\u201d, explic\u00f3 Fredy Ovalles, participante en el grupo de estudio.<\/p>\n<p>El cuadro es el siguiente:<\/p>\n<p>Problema principal<\/p>\n<ul>\n<li>Falta de identidad y sentido de pertenencia por la ciudad<\/li>\n<\/ul>\n<p>Efectos indirectos<\/p>\n<ul>\n<li>Confusi\u00f3n de ave toche con los colores<\/li>\n<li>Falta de respeto, burla y tomadura de pelo<\/li>\n<li>Posiciones a priori, respuestas con inmediatez<\/li>\n<li>Negaci\u00f3n del origen, pena y no respuesta o mencionar otro lugar<\/li>\n<\/ul>\n<p>Efectos directos<\/p>\n<ul>\n<li>Ignorancia de las ra\u00edces hist\u00f3ricas y culturales del cucute\u00f1o<\/li>\n<li>Actitud folcl\u00f3rica, jocosa y humor\u00edstica del cucute\u00f1o<\/li>\n<li>Pensamiento ligero, espont\u00e1neo y carente de profundidad<\/li>\n<li>Desmotivaci\u00f3n y poco orgullo de ser cucute\u00f1o<\/li>\n<\/ul>\n<p>Causas directas<\/p>\n<ul>\n<li>Se desconocen la historia, tradiciones, comida y mitos de la ciudad<\/li>\n<li>Alta migraci\u00f3n y fusi\u00f3n de razas y culturas transe\u00fantes<\/li>\n<li>Carencia de un pensamiento complejo y filos\u00f3fico<\/li>\n<li>Falta de ejemplos, casos de \u00e9xito, oportunidades y negocios<\/li>\n<\/ul>\n<p>Causas indirectas<\/p>\n<ul>\n<li>No hay claridad en los or\u00edgenes, fundaci\u00f3n y7 procedencia de la raza<\/li>\n<li>La situaci\u00f3n de frontera, los cambios de la econom\u00eda y las condiciones geogr\u00e1ficas<\/li>\n<li>Falta de incentivos para la educaci\u00f3n, la cr\u00edtica, el razonamiento y la argumentaci\u00f3n<\/li>\n<li>Divulgaci\u00f3n y comunicaci\u00f3n de los personajes ilustres, empresarios, artistas y deportistas<\/li>\n<\/ul>\n","protected":false},"excerpt":{"rendered":"<p>C\u00daCUTA.- Participantes en el reciente Diplomado de la Cucutaneidad, organizado por la Fundaci\u00f3n El Cinco a las Cinco, contin\u00faan el trabajo de pensar en la ciudad, analizar los problemas que la acosan y buscarles las soluciones. El trabajo, dirigido por Patrocinio Ararat, se lleva a cabo los s\u00e1bados en la Biblioteca P\u00fablica. \u201cMediante la aplicaci\u00f3n &hellip;<\/p>\n","protected":false},"author":1,"featured_media":41708,"comment_status":"open","ping_status":"open","sticky":false,"template":"","format":"standard","meta":{"footnotes":""},"categories":[4,6],"tags":[5825,1275],"class_list":["post-41707","post","type-post","status-publish","format-standard","has-post-thumbnail","hentry","category-barra","category-ojo-avizor","tag-cucutaneidad","tag-el-cinco-a-las-cinco"],"_links":{"self":[{"href":"https:\/\/contraluzcucuta.co\/index.php?rest_route=\/wp\/v2\/posts\/41707","targetHints":{"allow":["GET"]}}],"collection":[{"href":"https:\/\/contraluzcucuta.co\/index.php?rest_route=\/wp\/v2\/posts"}],"about":[{"href":"https:\/\/contraluzcucuta.co\/index.php?rest_route=\/wp\/v2\/types\/post"}],"author":[{"embeddable":true,"href":"https:\/\/contraluzcucuta.co\/index.php?rest_route=\/wp\/v2\/users\/1"}],"replies":[{"embeddable":true,"href":"https:\/\/contraluzcucuta.co\/index.php?rest_route=%2Fwp%2Fv2%2Fcomments&post=41707"}],"version-history":[{"count":1,"href":"https:\/\/contraluzcucuta.co\/index.php?rest_route=\/wp\/v2\/posts\/41707\/revisions"}],"predecessor-version":[{"id":41709,"href":"https:\/\/contraluzcucuta.co\/index.php?rest_route=\/wp\/v2\/posts\/41707\/revisions\/41709"}],"wp:featuredmedia":[{"embeddable":true,"href":"https:\/\/contraluzcucuta.co\/index.php?rest_route=\/wp\/v2\/media\/41708"}],"wp:attachment":[{"href":"https:\/\/contraluzcucuta.co\/index.php?rest_route=%2Fwp%2Fv2%2Fmedia&parent=41707"}],"wp:term":[{"taxonomy":"category","embeddable":true,"href":"https:\/\/contraluzcucuta.co\/index.php?rest_route=%2Fwp%2Fv2%2Fcategories&post=41707"},{"taxonomy":"post_tag","embeddable":true,"href":"https:\/\/contraluzcucuta.co\/index.php?rest_route=%2Fwp%2Fv2%2Ftags&post=41707"}],"curies":[{"name":"wp","href":"https:\/\/api.w.org\/{rel}","templated":true}]}}