{"id":41700,"date":"2024-04-28T19:12:20","date_gmt":"2024-04-29T00:12:20","guid":{"rendered":"https:\/\/contraluzcucuta.co\/?p=41700"},"modified":"2024-04-28T19:12:20","modified_gmt":"2024-04-29T00:12:20","slug":"pasado-y-futuro-hay-que-pensar-en-la-cucuta-de-ahora-luis-fernando-nino","status":"publish","type":"post","link":"https:\/\/contraluzcucuta.co\/?p=41700","title":{"rendered":"PASADO Y FUTURO. Hay que pensar en la C\u00facuta de Ahora, Luis Fernando Ni\u00f1o"},"content":{"rendered":"<p style=\"padding-left: 40px; text-align: right;\"><strong><span style=\"color: #ff9900;\">C\u00daCUTA.- Eran la 11:15 de la ma\u00f1ana del 18 de mayo de 1875. La ciudad fue destruida por el terremoto de magnitud de 7.5 &#8211; 8.5 Mb y profundidad de 15 kil\u00f3metros.<\/span><\/strong><\/p>\n<ul>\n<li><em>Este evento marc\u00f3 un punto de inflexi\u00f3n en la historia de la regi\u00f3n, impulsando cambios significativos en la planificaci\u00f3n urbana y la arquitectura local.<\/em> (Wikipedia)<\/li>\n<\/ul>\n<p><a href=\"https:\/\/contraluzcucuta.co\/wp-content\/uploads\/2024\/04\/LUIS-FERNANDO-NINO-8.jpeg\"><img loading=\"lazy\" decoding=\"async\" class=\"alignnone  wp-image-41702 alignleft\" src=\"https:\/\/contraluzcucuta.co\/wp-content\/uploads\/2024\/04\/LUIS-FERNANDO-NINO-8-300x225.jpeg\" alt=\"\" width=\"245\" height=\"184\" srcset=\"https:\/\/contraluzcucuta.co\/wp-content\/uploads\/2024\/04\/LUIS-FERNANDO-NINO-8-300x225.jpeg 300w, https:\/\/contraluzcucuta.co\/wp-content\/uploads\/2024\/04\/LUIS-FERNANDO-NINO-8-600x450.jpeg 600w, https:\/\/contraluzcucuta.co\/wp-content\/uploads\/2024\/04\/LUIS-FERNANDO-NINO-8-1024x768.jpeg 1024w, https:\/\/contraluzcucuta.co\/wp-content\/uploads\/2024\/04\/LUIS-FERNANDO-NINO-8-768x576.jpeg 768w, https:\/\/contraluzcucuta.co\/wp-content\/uploads\/2024\/04\/LUIS-FERNANDO-NINO-8-1536x1152.jpeg 1536w, https:\/\/contraluzcucuta.co\/wp-content\/uploads\/2024\/04\/LUIS-FERNANDO-NINO-8.jpeg 1600w\" sizes=\"auto, (max-width: 245px) 100vw, 245px\" \/><\/a><\/p>\n<p>El 9 de enero de 1876, en sesi\u00f3n ordinaria del Concejo de C\u00facuta, el ingeniero civil venezolano Francisco de Paula Andrade Troconis (24 de noviembre de 1840 &#8211; 10 de marzo de 1915) entreg\u00f3 los planos de la Nueva C\u00facuta.<\/p>\n<p>A escasos d\u00edas de conmemorar 149 a\u00f1os de la cat\u00e1strofe natural, el alto consejero para la paz y la reconciliaci\u00f3n Luis Fernando Ni\u00f1o habl\u00f3 en sesi\u00f3n extraordinaria del Concejo de C\u00facuta. Rememor\u00f3 la historia local y se detuvo en el presente. Reflexion\u00f3.<\/p>\n<ul>\n<li><em>A C\u00facuta no la hemos mirado como la miraron Francisco de Paula Andrade Troconis o Andr\u00e9s Moller (1885) o Cristo Sahium. \u00bfPor qu\u00e9 esos proyectos no vuelven? Porque estamos resolviendo los problemas del d\u00eda.<\/em><\/li>\n<\/ul>\n<p>Dej\u00f3 en el ambiente, y en la mente de los pocos concejales que permanecieron en los asientos, una propuesta. Volver a crear una C\u00facuta, no como la proyectada para el 2050, por una sencilla raz\u00f3n, algunos de los asistentes no vivir\u00e1n ese momento. Ni como la 1975, cuando se cumplieron 100 a\u00f1os del sismo, porque el terremoto pas\u00f3.<\/p>\n<ul>\n<li><em>Cuando se cumplieron los 100 a\u00f1os del terremoto de C\u00facuta, C\u00facuta 75 fue el plan de rescate para la ciudad. Esos planes no volvieron a escucharse. Entonces, hay que volver a decirle al mundo que C\u00facuta es una frontera din\u00e1mica.<\/em><\/li>\n<\/ul>\n<p><a href=\"https:\/\/contraluzcucuta.co\/wp-content\/uploads\/2024\/04\/LUIS-FERNANDO-NINO-7.jpeg\"><img loading=\"lazy\" decoding=\"async\" class=\"alignnone  wp-image-41703 alignleft\" src=\"https:\/\/contraluzcucuta.co\/wp-content\/uploads\/2024\/04\/LUIS-FERNANDO-NINO-7-300x225.jpeg\" alt=\"\" width=\"247\" height=\"185\" srcset=\"https:\/\/contraluzcucuta.co\/wp-content\/uploads\/2024\/04\/LUIS-FERNANDO-NINO-7-300x225.jpeg 300w, https:\/\/contraluzcucuta.co\/wp-content\/uploads\/2024\/04\/LUIS-FERNANDO-NINO-7-600x450.jpeg 600w, https:\/\/contraluzcucuta.co\/wp-content\/uploads\/2024\/04\/LUIS-FERNANDO-NINO-7-1024x768.jpeg 1024w, https:\/\/contraluzcucuta.co\/wp-content\/uploads\/2024\/04\/LUIS-FERNANDO-NINO-7-768x576.jpeg 768w, https:\/\/contraluzcucuta.co\/wp-content\/uploads\/2024\/04\/LUIS-FERNANDO-NINO-7-1536x1152.jpeg 1536w, https:\/\/contraluzcucuta.co\/wp-content\/uploads\/2024\/04\/LUIS-FERNANDO-NINO-7.jpeg 1600w\" sizes=\"auto, (max-width: 247px) 100vw, 247px\" \/><\/a><\/p>\n<p>Comenzar a buscar actores que est\u00e9n interesados en C\u00facuta, es la invitaci\u00f3n que plante\u00f3 Ni\u00f1o L\u00f3pez en el recinto de la corporaci\u00f3n. \u00bfY los que no la escucharon estar\u00e1n de acuerdo? \u00bfTrabajar\u00e1n para lograrlo?<\/p>\n<p>Se ofreci\u00f3 a hacer los contactos nacionales e internacionales para trabajar y lograr que C\u00facuta vuelva a ser la frontera estrat\u00e9gica de otros a\u00f1os. Los fondos asignados a Colombia para atender a los migrantes superan los 50 millones de d\u00f3lares. Y si llega otra cantidad de dinero no hay los proyectos para presentarlos y lograr la inversi\u00f3n.<\/p>\n<ul>\n<li><em>Tenemos que sentarnos a hacer proyectos de envergadura, pero no pueden hacerlo los concejales solos, sino en conjunto con la Alcald\u00eda y el gabinete para proyectar a C\u00facuta. Ah\u00ed se involucran todos los proyectos.<\/em><\/li>\n<\/ul>\n<p>Falta ver c\u00f3mo se priorizan las necesidades y darles el car\u00e1cter de urgentes.<\/p>\n<p><a href=\"https:\/\/contraluzcucuta.co\/wp-content\/uploads\/2024\/04\/2LUIS-FERNANDO-NINO-1.jpeg\"><img loading=\"lazy\" decoding=\"async\" class=\"alignnone  wp-image-41704 alignleft\" src=\"https:\/\/contraluzcucuta.co\/wp-content\/uploads\/2024\/04\/2LUIS-FERNANDO-NINO-1-300x225.jpeg\" alt=\"\" width=\"247\" height=\"185\" srcset=\"https:\/\/contraluzcucuta.co\/wp-content\/uploads\/2024\/04\/2LUIS-FERNANDO-NINO-1-300x225.jpeg 300w, https:\/\/contraluzcucuta.co\/wp-content\/uploads\/2024\/04\/2LUIS-FERNANDO-NINO-1-600x450.jpeg 600w, https:\/\/contraluzcucuta.co\/wp-content\/uploads\/2024\/04\/2LUIS-FERNANDO-NINO-1-1024x768.jpeg 1024w, https:\/\/contraluzcucuta.co\/wp-content\/uploads\/2024\/04\/2LUIS-FERNANDO-NINO-1-768x576.jpeg 768w, https:\/\/contraluzcucuta.co\/wp-content\/uploads\/2024\/04\/2LUIS-FERNANDO-NINO-1-1536x1152.jpeg 1536w, https:\/\/contraluzcucuta.co\/wp-content\/uploads\/2024\/04\/2LUIS-FERNANDO-NINO-1.jpeg 1600w\" sizes=\"auto, (max-width: 247px) 100vw, 247px\" \/><\/a><\/p>\n<p><strong>LA MIGRACI\u00d3N COMO OPORTUNIDAD<\/strong><\/p>\n<p>Luis Fernando Ni\u00f1o record\u00f3 que las agencias de cooperaci\u00f3n internacional est\u00e1n sali\u00e9ndose del territorio, porque se supone que no hay migraci\u00f3n. Lo que no est\u00e1n evaluando esos organismos es que se viene una fuerte movilizaci\u00f3n de acuerdo con el panorama pol\u00edtico que se va a vivir en Venezuela por los resultados de las elecciones que se aproximan.<\/p>\n<ul>\n<li><em>A pesar de la experiencia que adquirimos, desde el 2015, no estamos preparados lo suficiente para recibir esta poblaci\u00f3n que, pase lo que pase, va a afectar o a beneficiar a la ciudad. <\/em><\/li>\n<\/ul>\n<p>La migraci\u00f3n debe regularizarse, tener los permisos y el control necesarios para hacer proyectos y programas. Con los migrantes que est\u00e1n en la ciudad, si hay un control adecuado y hay seguimiento, se puede llevar a cabo una pol\u00edtica p\u00fablica de inclusi\u00f3n, como lo hacen en cualquier parte del mundo. Si la migraci\u00f3n se organiza, puede ser un punto positivo.<\/p>\n<ul>\n<li><em>Hay un detalle que les quer\u00eda contar. De los grupos armados, hay un gran porcentaje que son binacionales. Muchos de esos migrantes, sin estigmatizarlos, al no tener otras opciones terminaron en esas filas.<\/em><\/li>\n<\/ul>\n<p><a href=\"https:\/\/contraluzcucuta.co\/wp-content\/uploads\/2024\/04\/LUIS-FERNANDO-NINO-3A.jpg\"><img loading=\"lazy\" decoding=\"async\" class=\"alignnone  wp-image-41705 alignleft\" src=\"https:\/\/contraluzcucuta.co\/wp-content\/uploads\/2024\/04\/LUIS-FERNANDO-NINO-3A-300x280.jpg\" alt=\"\" width=\"248\" height=\"231\" srcset=\"https:\/\/contraluzcucuta.co\/wp-content\/uploads\/2024\/04\/LUIS-FERNANDO-NINO-3A-300x280.jpg 300w, https:\/\/contraluzcucuta.co\/wp-content\/uploads\/2024\/04\/LUIS-FERNANDO-NINO-3A-600x559.jpg 600w, https:\/\/contraluzcucuta.co\/wp-content\/uploads\/2024\/04\/LUIS-FERNANDO-NINO-3A-768x716.jpg 768w, https:\/\/contraluzcucuta.co\/wp-content\/uploads\/2024\/04\/LUIS-FERNANDO-NINO-3A.jpg 898w\" sizes=\"auto, (max-width: 248px) 100vw, 248px\" \/><\/a><\/p>\n<p>Otros asuntos de los que habl\u00f3 Luis Fernando Ni\u00f1o con los concejales son:<\/p>\n<p><strong>Consejo Municipal de Paz.<\/strong> Al crearlo, inmediatamente, tendr\u00e1n voz y voto en el Consejo Departamental de Paz.<\/p>\n<p><strong>Vendedores ambulantes<\/strong>. Ahora que se estudia el Plan de Desarrollo, mirar cu\u00e1les de esas acciones le est\u00e1n apuntando a la cultura de la legalidad, a la paz, al desarrollo de la ciudad. Mirar hacia en qu\u00e9 est\u00e1n enfocados y qu\u00e9 temas est\u00e1n m\u00e1s pendientes.<\/p>\n<p><strong>Reuni\u00f3n con el alcalde<\/strong>. Y con el gabinete para hacer el ejercicio de construir ciudadanos de C\u00facuta.<\/p>\n<p><strong>Propuesta final<\/strong>. Abrir un canal de comunicaci\u00f3n con la Comisi\u00f3n Interamericana, con la Oficina de Derechos Humanos, con la Canciller\u00eda. Ofreci\u00f3 facilitar los contactos.<\/p>\n<ul>\n<li><em>Ma\u00f1ana, cuando nos quieten la chapa del cargo que tenemos, por elecci\u00f3n popular o por designaci\u00f3n, uno vuelve a ser cucute\u00f1o de a pie, y siente inseguridad, miedo.<\/em><\/li>\n<\/ul>\n<p><strong>RAFAEL ANTONIO PAB\u00d3N<\/strong><\/p>\n<p><a href=\"mailto:rafaelpabon58@hotmail.com\"><strong>rafaelpabon58@hotmail.com<\/strong><\/a><\/p>\n","protected":false},"excerpt":{"rendered":"<p>C\u00daCUTA.- Eran la 11:15 de la ma\u00f1ana del 18 de mayo de 1875. La ciudad fue destruida por el terremoto de magnitud de 7.5 &#8211; 8.5 Mb y profundidad de 15 kil\u00f3metros. Este evento marc\u00f3 un punto de inflexi\u00f3n en la historia de la regi\u00f3n, impulsando cambios significativos en la planificaci\u00f3n urbana y la arquitectura &hellip;<\/p>\n","protected":false},"author":1,"featured_media":41701,"comment_status":"open","ping_status":"open","sticky":false,"template":"","format":"standard","meta":{"footnotes":""},"categories":[45,4],"tags":[6271,2683,4292],"class_list":["post-41700","post","type-post","status-publish","format-standard","has-post-thumbnail","hentry","category-destacado","category-barra","tag-cucuta-ahora","tag-luis-fernando-nino","tag-migracion-venezolana"],"_links":{"self":[{"href":"https:\/\/contraluzcucuta.co\/index.php?rest_route=\/wp\/v2\/posts\/41700","targetHints":{"allow":["GET"]}}],"collection":[{"href":"https:\/\/contraluzcucuta.co\/index.php?rest_route=\/wp\/v2\/posts"}],"about":[{"href":"https:\/\/contraluzcucuta.co\/index.php?rest_route=\/wp\/v2\/types\/post"}],"author":[{"embeddable":true,"href":"https:\/\/contraluzcucuta.co\/index.php?rest_route=\/wp\/v2\/users\/1"}],"replies":[{"embeddable":true,"href":"https:\/\/contraluzcucuta.co\/index.php?rest_route=%2Fwp%2Fv2%2Fcomments&post=41700"}],"version-history":[{"count":1,"href":"https:\/\/contraluzcucuta.co\/index.php?rest_route=\/wp\/v2\/posts\/41700\/revisions"}],"predecessor-version":[{"id":41706,"href":"https:\/\/contraluzcucuta.co\/index.php?rest_route=\/wp\/v2\/posts\/41700\/revisions\/41706"}],"wp:featuredmedia":[{"embeddable":true,"href":"https:\/\/contraluzcucuta.co\/index.php?rest_route=\/wp\/v2\/media\/41701"}],"wp:attachment":[{"href":"https:\/\/contraluzcucuta.co\/index.php?rest_route=%2Fwp%2Fv2%2Fmedia&parent=41700"}],"wp:term":[{"taxonomy":"category","embeddable":true,"href":"https:\/\/contraluzcucuta.co\/index.php?rest_route=%2Fwp%2Fv2%2Fcategories&post=41700"},{"taxonomy":"post_tag","embeddable":true,"href":"https:\/\/contraluzcucuta.co\/index.php?rest_route=%2Fwp%2Fv2%2Ftags&post=41700"}],"curies":[{"name":"wp","href":"https:\/\/api.w.org\/{rel}","templated":true}]}}