{"id":41696,"date":"2024-04-26T07:10:21","date_gmt":"2024-04-26T12:10:21","guid":{"rendered":"https:\/\/contraluzcucuta.co\/?p=41696"},"modified":"2024-04-26T07:10:21","modified_gmt":"2024-04-26T12:10:21","slug":"el-tarrita-nuevos-compromisos-para-atender-emergencia","status":"publish","type":"post","link":"https:\/\/contraluzcucuta.co\/?p=41696","title":{"rendered":"EL TARRITA. Nuevos compromisos para atender emergencia"},"content":{"rendered":"<p style=\"padding-left: 40px; text-align: right;\"><strong><span style=\"color: #ff9900;\">C\u00daCUTA.- El Tarrita (\u00c1brego), desde mayo de 2023, ha dado de qu\u00e9 hablar en Norte de Santander, en particular, y Colombia, en general. La emergencia en la v\u00eda C\u00facuta \u2013 Oca\u00f1a, a causa de las lluvias, ha ocasionado, adem\u00e1s de las molestias para los usuarios de la carretera, recorridos oficiales, reuniones del Consejo Departamental para la Gesti\u00f3n del Riesgo y compromisos de elaborar dos planes de contingencia.<\/span><\/strong><\/p>\n<p><a href=\"https:\/\/contraluzcucuta.co\/wp-content\/uploads\/2024\/04\/EL-TARRITA-10.jpg\"><img loading=\"lazy\" decoding=\"async\" class=\"alignnone  wp-image-41698 alignleft\" src=\"https:\/\/contraluzcucuta.co\/wp-content\/uploads\/2024\/04\/EL-TARRITA-10-300x200.jpg\" alt=\"\" width=\"243\" height=\"162\" srcset=\"https:\/\/contraluzcucuta.co\/wp-content\/uploads\/2024\/04\/EL-TARRITA-10-300x200.jpg 300w, https:\/\/contraluzcucuta.co\/wp-content\/uploads\/2024\/04\/EL-TARRITA-10-600x400.jpg 600w, https:\/\/contraluzcucuta.co\/wp-content\/uploads\/2024\/04\/EL-TARRITA-10-1024x682.jpg 1024w, https:\/\/contraluzcucuta.co\/wp-content\/uploads\/2024\/04\/EL-TARRITA-10-768x512.jpg 768w, https:\/\/contraluzcucuta.co\/wp-content\/uploads\/2024\/04\/EL-TARRITA-10-1536x1023.jpg 1536w, https:\/\/contraluzcucuta.co\/wp-content\/uploads\/2024\/04\/EL-TARRITA-10-310x205.jpg 310w, https:\/\/contraluzcucuta.co\/wp-content\/uploads\/2024\/04\/EL-TARRITA-10.jpg 1600w\" sizes=\"auto, (max-width: 243px) 100vw, 243px\" \/><\/a><\/p>\n<p>La coordinaci\u00f3n la asumi\u00f3 la Secretar\u00eda para la Gesti\u00f3n del Riesgo de Desastres y es fundamental para abordar de manera anticipada los riesgos en el sector, especialmente cuando se aproxima la temporada invernal. La \u00faltima visita cubri\u00f3 desde el puente El Tarra hasta la Quebrada Paramillo, coment\u00f3 el secretario William Vera.<\/p>\n<p>Entre los compromisos adquiridos destacan:<\/p>\n<ul>\n<li>Elaboraci\u00f3n del plan de contingencia por parte de Inv\u00edas detallando las acciones que deben tomarse en la v\u00eda nacional.<\/li>\n<li>Construcci\u00f3n de otro plan coordinado entre la Unidad Nacional para la Gesti\u00f3n del Riesgo de Desastres, Secretar\u00eda y Corponor, para abordar los problemas de la vereda El Molino y el riesgo de deslizamientos por los cuerpos h\u00eddricos de la zona.<\/li>\n<li>La UNGRD verificar\u00e1 el estado de los subsidios de arrendamiento, entregar\u00e1 el estudio b\u00e1sico por avenida torrencial del r\u00edo Tarra y considerar\u00e1 la solicitud de horas de la maquinaria para el dragado, con el objetivo de mejorar la capacidad hidr\u00e1ulica y reducir el impacto en la v\u00eda nacional.<\/li>\n<li>Corponor presentar\u00e1 el informe t\u00e9cnico sobre el deslizamiento en Villa Caro<\/li>\n<li>Secretar\u00eda para la Gesti\u00f3n del Riesgo de Desastres continuar\u00e1 con la instalaci\u00f3n del Sistema de Alerta Temprana Comunitario para las zonas afectadas.<\/li>\n<\/ul>\n","protected":false},"excerpt":{"rendered":"<p>C\u00daCUTA.- El Tarrita (\u00c1brego), desde mayo de 2023, ha dado de qu\u00e9 hablar en Norte de Santander, en particular, y Colombia, en general. La emergencia en la v\u00eda C\u00facuta \u2013 Oca\u00f1a, a causa de las lluvias, ha ocasionado, adem\u00e1s de las molestias para los usuarios de la carretera, recorridos oficiales, reuniones del Consejo Departamental para &hellip;<\/p>\n","protected":false},"author":1,"featured_media":41697,"comment_status":"open","ping_status":"open","sticky":false,"template":"","format":"standard","meta":{"footnotes":""},"categories":[4,36],"tags":[5668,2689,3441],"class_list":["post-41696","post","type-post","status-publish","format-standard","has-post-thumbnail","hentry","category-barra","category-la-voz-del-pueblo","tag-el-tarrita","tag-secretaria-para-la-gestion-del-riesgo","tag-ungrd"],"_links":{"self":[{"href":"https:\/\/contraluzcucuta.co\/index.php?rest_route=\/wp\/v2\/posts\/41696","targetHints":{"allow":["GET"]}}],"collection":[{"href":"https:\/\/contraluzcucuta.co\/index.php?rest_route=\/wp\/v2\/posts"}],"about":[{"href":"https:\/\/contraluzcucuta.co\/index.php?rest_route=\/wp\/v2\/types\/post"}],"author":[{"embeddable":true,"href":"https:\/\/contraluzcucuta.co\/index.php?rest_route=\/wp\/v2\/users\/1"}],"replies":[{"embeddable":true,"href":"https:\/\/contraluzcucuta.co\/index.php?rest_route=%2Fwp%2Fv2%2Fcomments&post=41696"}],"version-history":[{"count":1,"href":"https:\/\/contraluzcucuta.co\/index.php?rest_route=\/wp\/v2\/posts\/41696\/revisions"}],"predecessor-version":[{"id":41699,"href":"https:\/\/contraluzcucuta.co\/index.php?rest_route=\/wp\/v2\/posts\/41696\/revisions\/41699"}],"wp:featuredmedia":[{"embeddable":true,"href":"https:\/\/contraluzcucuta.co\/index.php?rest_route=\/wp\/v2\/media\/41697"}],"wp:attachment":[{"href":"https:\/\/contraluzcucuta.co\/index.php?rest_route=%2Fwp%2Fv2%2Fmedia&parent=41696"}],"wp:term":[{"taxonomy":"category","embeddable":true,"href":"https:\/\/contraluzcucuta.co\/index.php?rest_route=%2Fwp%2Fv2%2Fcategories&post=41696"},{"taxonomy":"post_tag","embeddable":true,"href":"https:\/\/contraluzcucuta.co\/index.php?rest_route=%2Fwp%2Fv2%2Ftags&post=41696"}],"curies":[{"name":"wp","href":"https:\/\/api.w.org\/{rel}","templated":true}]}}