{"id":41651,"date":"2024-04-23T04:04:03","date_gmt":"2024-04-23T09:04:03","guid":{"rendered":"https:\/\/contraluzcucuta.co\/?p=41651"},"modified":"2024-04-23T04:04:03","modified_gmt":"2024-04-23T09:04:03","slug":"agencia-publica-de-empleo-punto-de-encuentro-entre-empleadores-y-trabajadores","status":"publish","type":"post","link":"https:\/\/contraluzcucuta.co\/?p=41651","title":{"rendered":"AGENCIA P\u00daBLICA DE EMPLEO. Punto de encuentro entre empleadores y trabajadores"},"content":{"rendered":"<p style=\"padding-left: 40px; text-align: right;\"><strong><span style=\"color: #ff9900;\">C\u00daCUTA.- Empleadores p\u00fablicos y privados, y buscadores de empleo tendr\u00e1n un sitio especial de encuentro. Ah\u00ed, habr\u00e1 mano de obra calificada, no calificada o especializada. Tras la uni\u00f3n de voluntades se fortaleci\u00f3 el punto f\u00edsico de atenci\u00f3n al Usuario de la Agencia P\u00fablica de Empleo de la Alcald\u00eda de C\u00facuta.<\/span><\/strong><\/p>\n<p><a href=\"https:\/\/contraluzcucuta.co\/wp-content\/uploads\/2024\/04\/AGENCIA-DE-EMPLEO-3.jpeg\"><img loading=\"lazy\" decoding=\"async\" class=\"alignnone  wp-image-41653 alignleft\" src=\"https:\/\/contraluzcucuta.co\/wp-content\/uploads\/2024\/04\/AGENCIA-DE-EMPLEO-3-300x225.jpeg\" alt=\"\" width=\"245\" height=\"184\" srcset=\"https:\/\/contraluzcucuta.co\/wp-content\/uploads\/2024\/04\/AGENCIA-DE-EMPLEO-3-300x225.jpeg 300w, https:\/\/contraluzcucuta.co\/wp-content\/uploads\/2024\/04\/AGENCIA-DE-EMPLEO-3-600x450.jpeg 600w, https:\/\/contraluzcucuta.co\/wp-content\/uploads\/2024\/04\/AGENCIA-DE-EMPLEO-3-768x576.jpeg 768w, https:\/\/contraluzcucuta.co\/wp-content\/uploads\/2024\/04\/AGENCIA-DE-EMPLEO-3.jpeg 1024w\" sizes=\"auto, (max-width: 245px) 100vw, 245px\" \/><\/a><\/p>\n<p>El objetivo es hacer frente a los desaf\u00edos de empleabilidad que tiene la ciudad. La Secretar\u00eda de Desarrollo Social y el proyecto Oportunidades Sin Fronteras de Usaid Colombia fortalecieron el equipo de talento humano.<\/p>\n<p>El operador de intermediaci\u00f3n laboral, avalado por el Sistema del Servicio P\u00fablico de Empleo (SISE) y el Ministerio de Trabajo, prestar\u00e1 atenci\u00f3n a los ciudadanos desde el Centro Regional de Atenci\u00f3n a V\u00edctimas (CRAV), en el barrio Comuneros (Ciudadela Juan Atalaya), de lunes a viernes.<\/p>\n<p>El secretario de Desarrollo Econ\u00f3mico, Leonel Rodr\u00edguez Pinz\u00f3n, dijo que \u201cel \u00fanico requisito para acceder a este servicio, que es gratuito, es registrarse en el aplicativo SISE como empresario o como ciudadano\u201d. La Agencia cuenta con personal id\u00f3neo para brindar los servicios de registro, entrevista laboral, habilidades blandas, procesos de selecci\u00f3n, gesti\u00f3n empresarial, postulaci\u00f3n a vacantes y capacitaci\u00f3n por competencias, entre otros.<\/p>\n","protected":false},"excerpt":{"rendered":"<p>C\u00daCUTA.- Empleadores p\u00fablicos y privados, y buscadores de empleo tendr\u00e1n un sitio especial de encuentro. Ah\u00ed, habr\u00e1 mano de obra calificada, no calificada o especializada. Tras la uni\u00f3n de voluntades se fortaleci\u00f3 el punto f\u00edsico de atenci\u00f3n al Usuario de la Agencia P\u00fablica de Empleo de la Alcald\u00eda de C\u00facuta. El objetivo es hacer frente &hellip;<\/p>\n","protected":false},"author":1,"featured_media":41652,"comment_status":"open","ping_status":"open","sticky":false,"template":"","format":"standard","meta":{"footnotes":""},"categories":[2625,4],"tags":[1624,226,6105,3925,3223],"class_list":["post-41651","post","type-post","status-publish","format-standard","has-post-thumbnail","hentry","category-alcaldia-de-cucuta","category-barra","tag-agencia-publica-de-empleo","tag-alcaldia-de-cucuta","tag-crav","tag-secretaria-de-desarrollo-economico","tag-usaid"],"_links":{"self":[{"href":"https:\/\/contraluzcucuta.co\/index.php?rest_route=\/wp\/v2\/posts\/41651","targetHints":{"allow":["GET"]}}],"collection":[{"href":"https:\/\/contraluzcucuta.co\/index.php?rest_route=\/wp\/v2\/posts"}],"about":[{"href":"https:\/\/contraluzcucuta.co\/index.php?rest_route=\/wp\/v2\/types\/post"}],"author":[{"embeddable":true,"href":"https:\/\/contraluzcucuta.co\/index.php?rest_route=\/wp\/v2\/users\/1"}],"replies":[{"embeddable":true,"href":"https:\/\/contraluzcucuta.co\/index.php?rest_route=%2Fwp%2Fv2%2Fcomments&post=41651"}],"version-history":[{"count":1,"href":"https:\/\/contraluzcucuta.co\/index.php?rest_route=\/wp\/v2\/posts\/41651\/revisions"}],"predecessor-version":[{"id":41654,"href":"https:\/\/contraluzcucuta.co\/index.php?rest_route=\/wp\/v2\/posts\/41651\/revisions\/41654"}],"wp:featuredmedia":[{"embeddable":true,"href":"https:\/\/contraluzcucuta.co\/index.php?rest_route=\/wp\/v2\/media\/41652"}],"wp:attachment":[{"href":"https:\/\/contraluzcucuta.co\/index.php?rest_route=%2Fwp%2Fv2%2Fmedia&parent=41651"}],"wp:term":[{"taxonomy":"category","embeddable":true,"href":"https:\/\/contraluzcucuta.co\/index.php?rest_route=%2Fwp%2Fv2%2Fcategories&post=41651"},{"taxonomy":"post_tag","embeddable":true,"href":"https:\/\/contraluzcucuta.co\/index.php?rest_route=%2Fwp%2Fv2%2Ftags&post=41651"}],"curies":[{"name":"wp","href":"https:\/\/api.w.org\/{rel}","templated":true}]}}